{"id":48878,"date":"2018-06-29T19:00:35","date_gmt":"2018-06-29T18:00:35","guid":{"rendered":"https:\/\/www.lobosonda.com\/?p=48878\/"},"modified":"2018-06-22T18:42:44","modified_gmt":"2018-06-22T17:42:44","slug":"19-06-2018-plastik-das-europaeische-parlament-wurde-gefragt","status":"publish","type":"post","link":"https:\/\/blog.lobosonda.com\/de\/19-06-2018-plastik-das-europaeische-parlament-wurde-gefragt\/","title":{"rendered":"19.06.2018 \u2013 Plastik &#8211; Das Europ\u00e4ische Parlament wurde gefragt"},"content":{"rendered":"<p style=\"text-align: justify;\"><span style=\"color: #222222; font-size: 12pt; font-family: Georgia, Palatino;\">Auf unseren beiden Touren gab es heute die wundersch\u00f6nen Kurzflossen- Pilotwale (<i>Globicephala macrorhynchus<\/i><i>)<\/i>, auch Indischer Grindwal genannt. Da diese Art w\u00e4rmere Gew\u00e4sser bevorzugt, sind sie zwischen dem 50.Grad n\u00f6rdlicher Breite und dem 40. Grad s\u00fcdlicher Breite anzutreffen. Am Morgen gab es eine Gruppe Gro\u00dfer T\u00fcmmler (<i>Tursiops truncatus<\/i><i>), <\/i>die bei der ersten Begegnung<i><\/i>weitfl\u00e4chig verstreut waren, doch auf dem R\u00fcckweg Kontakt zu uns suchten. Am Nachmittag hatten wir eine tolle Begegnung mit den Gemeinen Delfinen (<i>Delphinus delphi<\/i><i>s<\/i><i>)<\/i>. <\/span><\/p>\n<p style=\"text-align: justify;\"><span style=\"color: #222222; font-size: 12pt; font-family: Georgia, Palatino;\">Wie auf unseren Touren versprochen, wird es heute aber auch um ein anderes Thema gehen. Heute, am Dienstag den 19.06.2018 um 15Uhr (CET) gab es ein Live Interview der parlamentarischen Vizepr\u00e4sidentin Frau Heidi Hautala und dem Vizepr\u00e4sidenten der Kommission Herr Jyrki Katain zu dieser Problematik.<\/span><\/p>\n<p style=\"text-align: justify;\"><span style=\"color: #222222; font-size: 12pt; font-family: Georgia, Palatino;\">In Europa werden j\u00e4hrlich 25 Millionen Tonnen an Plastikm\u00fcll produziert. Plastik, welches seinen Weg ins Meer findet, hat einen negativen Effekt auf den Lebensraum und seine Bewohner. Wenn man den Ozean, die Meeress\u00e4uger, die Natur des Wassers tagt\u00e4glich erlebt und bestaunen darf, schmerzt es zu wissen, dass unser menschlichen Handlungen einen krankmachenden und zuweilen auch t\u00f6dlichen Einfluss auf die Bewohner der Meere haben.<\/span><\/p>\n<p style=\"text-align: justify;\"><span style=\"color: #222222; font-size: 12pt; font-family: Georgia, Palatino;\">Die \u00d6ffentlichkeit war eingeladen Fragen zu stellen und tats\u00e4chlich gab es da welche:<\/span><\/p>\n<p style=\"text-align: justify;\"><span style=\"color: #222222; font-size: 12pt; font-family: Georgia, Palatino;\">Wann wird eine biologisch abbaubare Flasche verpflichtend?<\/span><\/p>\n<p style=\"text-align: justify;\"><span style=\"color: #222222; font-size: 12pt; font-family: Georgia, Palatino;\">Wann werden (f\u00fcr Fische essbare) Sixpack-Halter verpflichtend?<\/span><\/p>\n<p style=\"text-align: justify;\"><span style=\"color: #222222; font-size: 12pt; font-family: Georgia, Palatino;\">Wann werden sogenannte Sea bins (Filtersysteme in H\u00e4fen) verpflichtend f\u00fcr alle europ\u00e4ischen H\u00e4fen?<\/span><\/p>\n<p style=\"text-align: justify;\"><span style=\"color: #222222; font-size: 12pt; font-family: Georgia, Palatino;\">Warum ist das Programm &#8222;Fishing for litter&#8220; nicht schon verpflichtend f\u00fcr alle europ\u00e4ischen H\u00e4fen?<\/span><\/p>\n<p style=\"text-align: justify;\"><span style=\"color: #222222; font-size: 12pt; font-family: Georgia, Palatino;\">Mehr Informationen unter diesen Links:<\/span><\/p>\n<p style=\"text-align: justify;\"><span style=\"color: #222222; font-size: 12pt; font-family: Georgia, Palatino;\"><a href=\"https:\/\/www.craftbeer.com\/editors-picks\/saltwater-brewery-creates-edible-six-pack-rings\">https:\/\/www.craftbeer.com\/editors-picks\/saltwater-brewery-creates-edible-six-pack-rings<\/a><\/span><\/p>\n<p style=\"text-align: justify;\"><span style=\"color: #222222; font-size: 12pt; font-family: Georgia, Palatino;\"><a href=\"http:\/\/seabinproject.com\/the-product\/\">http:\/\/seabinproject.com\/the-product\/<\/a><\/span><\/p>\n<p style=\"text-align: justify;\"><span style=\"color: #222222; font-size: 12pt; font-family: Georgia, Palatino;\"><a href=\"http:\/\/www.fishingforlitter.org.uk\/\">http:\/\/www.fishingforlitter.org.uk\/<\/a><a href=\"https:\/\/www.weforum.org\/agenda\/2016\/04\/this-biodegradable-water-bottle-breaks-down-when-it-s-empty\/\">https:\/\/www.weforum.org\/agenda\/2016\/04\/this-biodegradable-water-bottle-breaks-down-when-it-s-empty\/<\/a><\/span><\/p>\n<p style=\"text-align: justify;\"><span style=\"color: #222222; font-size: 12pt; font-family: Georgia, Palatino;\">Nun, ich habe mir das Interview angeh\u00f6rt und fand es sehr ENTT\u00c4USCHEND!<\/span><\/p>\n<p style=\"text-align: justify;\"><span style=\"color: #222222; font-size: 12pt; font-family: Georgia, Palatino;\">Eine Sequenz verdeutlicht f\u00fcr mich die Botschaft, die ich aus diesem Interview herausgeh\u00f6rt habe am meisten. Der Verbraucher muss reduzieren, die Verantwortung liegt bei Verbraucher \u2026 der Verbraucher, der Verbraucher \u2026. Ideen m\u00fcssen von privaten Personen kommen, dann folgen auch die Politiker! HALT, was ist mit all den tollen Ideen, die schon existieren und die nicht unterst\u00fctzt werden, weil die Politiker anscheinend KEIN Interesse daran haben? Ohne Zweifel, der Verbraucher hat Verantwortung seinen \u00f6kologischen Fu\u00dfabdruck so gering wie m\u00f6glich zu halten. Doch wenn die Verantwortung der Politiker unter den Tisch f\u00e4llt, wozu n\u00fctzt dann ein Parlament?<\/span><\/p>\n<p style=\"text-align: justify;\"><span style=\"color: #222222; font-size: 12pt; font-family: Georgia, Palatino;\">Wer Interesse an diesem Interview hat:<\/span><\/p>\n<p style=\"text-align: justify;\"><span style=\"color: #222222; font-size: 12pt; font-family: Georgia, Palatino;\"><a href=\"https:\/\/www.facebook.com\/europeanparliament\/videos\/10160758202195107\/\">https:\/\/www.facebook.com\/europeanparliament\/videos\/10160758202195107\/<\/a><\/span><\/p>\n<p style=\"text-align: right;\"><span style=\"color: #222222; font-size: 10pt; font-family: Georgia, Palatino;\"><i>Von Fatima Kutzschbach<\/i><\/span><\/p>\n<p style=\"text-align: justify;\"><span style=\"text-decoration: underline;\"><strong><em><span style=\"color: #222222; font-size: 12pt; font-family: Georgia, Palatino; text-decoration: underline;\">Sichtungen des Tages<\/span><\/em><\/strong><\/span><\/p>\n<p style=\"text-align: justify;\"><span style=\"color: #222222; font-size: 12pt; font-family: Georgia, Palatino;\">Ribeira Brava<\/span><\/p>\n<p style=\"text-align: justify;\"><span style=\"color: #222222; font-size: 12pt; font-family: Georgia, Palatino;\"><strong>09:00<\/strong> Pilotwale, Gro\u00dfe T\u00fcmmler<\/span><\/p>\n<p style=\"text-align: justify;\"><span style=\"color: #222222; font-size: 12pt; font-family: Georgia, Palatino;\"><strong>13:30<\/strong> Pilotwale, Gemeine Delfine<\/span><\/p>\n\n\t\t\t<style type='text\/css'>\n\t\t\t\t#sc_gallery-969 {\n\t\t\t\t\tmargin: auto;\n\t\t\t\t}\n\t\t\t\t#sc_gallery-969 .gallery-item {\n\t\t\t\t\tfloat: left;\n\t\t\t\t\tmargin-top: 10px;\n\t\t\t\t\ttext-align: center;\n\t\t\t\t\twidth: 33.33%;\n\t\t\t\t}\n\t\t\t\t#sc_gallery-969 img {\n\t\t\t\t\tborder: 2px solid #cfcfcf;\n\t\t\t\t}\n\t\t\t\t#sc_gallery-969 .gallery-caption {\n\t\t\t\t\tmargin-left: 0;\n\t\t\t\t}\n\t\t\t\t\/* see sc_gallery() in functions\/theme-shortcodes.php *\/\n\t\t\t<\/style>\n\t\t<div id='sc_gallery-969' class='gallery element_classes galleryid-48878 gallery-columns-3 gallery-size-thumbnail '><dl class='gallery-item'>\n\t\t\t\t<dt class='gallery-icon landscape'>\n\t\t\t\t\t<a href='https:\/\/blog.lobosonda.com\/19-06-2018-plastik-das-europaeische-parlament-wurde-gefragt\/dsc_0669-3\/'><img loading=\"lazy\" decoding=\"async\" width=\"150\" height=\"150\" src=\"https:\/\/blog.lobosonda.com\/wp-content\/uploads\/2018\/06\/DSC_0669-150x150.jpg\" class=\"attachment-thumbnail size-thumbnail\" alt=\"\" srcset=\"https:\/\/blog.lobosonda.com\/wp-content\/uploads\/2018\/06\/DSC_0669-150x150.jpg 150w, https:\/\/blog.lobosonda.com\/wp-content\/uploads\/2018\/06\/DSC_0669-500x500.jpg 500w, https:\/\/blog.lobosonda.com\/wp-content\/uploads\/2018\/06\/DSC_0669-400x400.jpg 400w, https:\/\/blog.lobosonda.com\/wp-content\/uploads\/2018\/06\/DSC_0669-300x300.jpg 300w\" sizes=\"(max-width: 150px) 100vw, 150px\" \/><\/a>\n\t\t\t\t<\/dt><\/dl><dl class='gallery-item'>\n\t\t\t\t<dt class='gallery-icon landscape'>\n\t\t\t\t\t<a href='https:\/\/blog.lobosonda.com\/19-06-2018-plastik-das-europaeische-parlament-wurde-gefragt\/dsc_0672-2\/'><img loading=\"lazy\" decoding=\"async\" width=\"150\" height=\"150\" src=\"https:\/\/blog.lobosonda.com\/wp-content\/uploads\/2018\/06\/DSC_0672-150x150.jpg\" class=\"attachment-thumbnail size-thumbnail\" alt=\"\" srcset=\"https:\/\/blog.lobosonda.com\/wp-content\/uploads\/2018\/06\/DSC_0672-150x150.jpg 150w, https:\/\/blog.lobosonda.com\/wp-content\/uploads\/2018\/06\/DSC_0672-500x500.jpg 500w, https:\/\/blog.lobosonda.com\/wp-content\/uploads\/2018\/06\/DSC_0672-400x400.jpg 400w, https:\/\/blog.lobosonda.com\/wp-content\/uploads\/2018\/06\/DSC_0672-300x300.jpg 300w\" sizes=\"(max-width: 150px) 100vw, 150px\" \/><\/a>\n\t\t\t\t<\/dt><\/dl><dl class='gallery-item'>\n\t\t\t\t<dt class='gallery-icon landscape'>\n\t\t\t\t\t<a href='https:\/\/blog.lobosonda.com\/19-06-2018-plastik-das-europaeische-parlament-wurde-gefragt\/dsc_0685-3\/'><img loading=\"lazy\" decoding=\"async\" width=\"150\" height=\"150\" src=\"https:\/\/blog.lobosonda.com\/wp-content\/uploads\/2018\/06\/DSC_0685-150x150.jpg\" class=\"attachment-thumbnail size-thumbnail\" alt=\"\" srcset=\"https:\/\/blog.lobosonda.com\/wp-content\/uploads\/2018\/06\/DSC_0685-150x150.jpg 150w, https:\/\/blog.lobosonda.com\/wp-content\/uploads\/2018\/06\/DSC_0685-500x500.jpg 500w, https:\/\/blog.lobosonda.com\/wp-content\/uploads\/2018\/06\/DSC_0685-400x400.jpg 400w, https:\/\/blog.lobosonda.com\/wp-content\/uploads\/2018\/06\/DSC_0685-300x300.jpg 300w\" sizes=\"(max-width: 150px) 100vw, 150px\" \/><\/a>\n\t\t\t\t<\/dt><\/dl><br style=\"clear: both\" \/><dl class='gallery-item'>\n\t\t\t\t<dt class='gallery-icon landscape'>\n\t\t\t\t\t<a href='https:\/\/blog.lobosonda.com\/19-06-2018-plastik-das-europaeische-parlament-wurde-gefragt\/dsc_0720-4\/'><img loading=\"lazy\" decoding=\"async\" width=\"150\" height=\"150\" src=\"https:\/\/blog.lobosonda.com\/wp-content\/uploads\/2018\/06\/DSC_0720-150x150.jpg\" class=\"attachment-thumbnail size-thumbnail\" alt=\"\" srcset=\"https:\/\/blog.lobosonda.com\/wp-content\/uploads\/2018\/06\/DSC_0720-150x150.jpg 150w, https:\/\/blog.lobosonda.com\/wp-content\/uploads\/2018\/06\/DSC_0720-500x500.jpg 500w, https:\/\/blog.lobosonda.com\/wp-content\/uploads\/2018\/06\/DSC_0720-400x400.jpg 400w, https:\/\/blog.lobosonda.com\/wp-content\/uploads\/2018\/06\/DSC_0720-300x300.jpg 300w\" sizes=\"(max-width: 150px) 100vw, 150px\" \/><\/a>\n\t\t\t\t<\/dt><\/dl><dl class='gallery-item'>\n\t\t\t\t<dt class='gallery-icon landscape'>\n\t\t\t\t\t<a href='https:\/\/blog.lobosonda.com\/19-06-2018-plastik-das-europaeische-parlament-wurde-gefragt\/dsc_0721-4\/'><img loading=\"lazy\" decoding=\"async\" width=\"150\" height=\"150\" src=\"https:\/\/blog.lobosonda.com\/wp-content\/uploads\/2018\/06\/DSC_0721-150x150.jpg\" class=\"attachment-thumbnail size-thumbnail\" alt=\"\" srcset=\"https:\/\/blog.lobosonda.com\/wp-content\/uploads\/2018\/06\/DSC_0721-150x150.jpg 150w, https:\/\/blog.lobosonda.com\/wp-content\/uploads\/2018\/06\/DSC_0721-500x500.jpg 500w, https:\/\/blog.lobosonda.com\/wp-content\/uploads\/2018\/06\/DSC_0721-400x400.jpg 400w, https:\/\/blog.lobosonda.com\/wp-content\/uploads\/2018\/06\/DSC_0721-300x300.jpg 300w\" sizes=\"(max-width: 150px) 100vw, 150px\" \/><\/a>\n\t\t\t\t<\/dt><\/dl><dl class='gallery-item'>\n\t\t\t\t<dt class='gallery-icon landscape'>\n\t\t\t\t\t<a href='https:\/\/blog.lobosonda.com\/19-06-2018-plastik-das-europaeische-parlament-wurde-gefragt\/dsc_0737-2\/'><img loading=\"lazy\" decoding=\"async\" width=\"150\" height=\"150\" src=\"https:\/\/blog.lobosonda.com\/wp-content\/uploads\/2018\/06\/DSC_0737-150x150.jpg\" class=\"attachment-thumbnail size-thumbnail\" alt=\"\" srcset=\"https:\/\/blog.lobosonda.com\/wp-content\/uploads\/2018\/06\/DSC_0737-150x150.jpg 150w, https:\/\/blog.lobosonda.com\/wp-content\/uploads\/2018\/06\/DSC_0737-500x500.jpg 500w, https:\/\/blog.lobosonda.com\/wp-content\/uploads\/2018\/06\/DSC_0737-400x400.jpg 400w, https:\/\/blog.lobosonda.com\/wp-content\/uploads\/2018\/06\/DSC_0737-300x300.jpg 300w\" sizes=\"(max-width: 150px) 100vw, 150px\" \/><\/a>\n\t\t\t\t<\/dt><\/dl><br style=\"clear: both\" \/><dl class='gallery-item'>\n\t\t\t\t<dt class='gallery-icon landscape'>\n\t\t\t\t\t<a href='https:\/\/blog.lobosonda.com\/19-06-2018-plastik-das-europaeische-parlament-wurde-gefragt\/dsc_0753\/'><img loading=\"lazy\" decoding=\"async\" width=\"150\" height=\"150\" src=\"https:\/\/blog.lobosonda.com\/wp-content\/uploads\/2018\/06\/DSC_0753-150x150.jpg\" class=\"attachment-thumbnail size-thumbnail\" alt=\"\" srcset=\"https:\/\/blog.lobosonda.com\/wp-content\/uploads\/2018\/06\/DSC_0753-150x150.jpg 150w, https:\/\/blog.lobosonda.com\/wp-content\/uploads\/2018\/06\/DSC_0753-500x500.jpg 500w, https:\/\/blog.lobosonda.com\/wp-content\/uploads\/2018\/06\/DSC_0753-400x400.jpg 400w, https:\/\/blog.lobosonda.com\/wp-content\/uploads\/2018\/06\/DSC_0753-300x300.jpg 300w\" sizes=\"(max-width: 150px) 100vw, 150px\" \/><\/a>\n\t\t\t\t<\/dt><\/dl><dl class='gallery-item'>\n\t\t\t\t<dt class='gallery-icon landscape'>\n\t\t\t\t\t<a href='https:\/\/blog.lobosonda.com\/19-06-2018-plastik-das-europaeische-parlament-wurde-gefragt\/dsc_0765\/'><img loading=\"lazy\" decoding=\"async\" width=\"150\" height=\"150\" src=\"https:\/\/blog.lobosonda.com\/wp-content\/uploads\/2018\/06\/DSC_0765-150x150.jpg\" class=\"attachment-thumbnail size-thumbnail\" alt=\"\" srcset=\"https:\/\/blog.lobosonda.com\/wp-content\/uploads\/2018\/06\/DSC_0765-150x150.jpg 150w, https:\/\/blog.lobosonda.com\/wp-content\/uploads\/2018\/06\/DSC_0765-500x500.jpg 500w, https:\/\/blog.lobosonda.com\/wp-content\/uploads\/2018\/06\/DSC_0765-400x400.jpg 400w, https:\/\/blog.lobosonda.com\/wp-content\/uploads\/2018\/06\/DSC_0765-300x300.jpg 300w\" sizes=\"(max-width: 150px) 100vw, 150px\" \/><\/a>\n\t\t\t\t<\/dt><\/dl><dl class='gallery-item'>\n\t\t\t\t<dt class='gallery-icon landscape'>\n\t\t\t\t\t<a href='https:\/\/blog.lobosonda.com\/19-06-2018-plastik-das-europaeische-parlament-wurde-gefragt\/dsc_0771\/'><img loading=\"lazy\" decoding=\"async\" width=\"150\" height=\"150\" src=\"https:\/\/blog.lobosonda.com\/wp-content\/uploads\/2018\/06\/DSC_0771-150x150.jpg\" class=\"attachment-thumbnail size-thumbnail\" alt=\"\" srcset=\"https:\/\/blog.lobosonda.com\/wp-content\/uploads\/2018\/06\/DSC_0771-150x150.jpg 150w, https:\/\/blog.lobosonda.com\/wp-content\/uploads\/2018\/06\/DSC_0771-500x500.jpg 500w, https:\/\/blog.lobosonda.com\/wp-content\/uploads\/2018\/06\/DSC_0771-400x400.jpg 400w, https:\/\/blog.lobosonda.com\/wp-content\/uploads\/2018\/06\/DSC_0771-300x300.jpg 300w\" sizes=\"(max-width: 150px) 100vw, 150px\" \/><\/a>\n\t\t\t\t<\/dt><\/dl><br style=\"clear: both\" \/><dl class='gallery-item'>\n\t\t\t\t<dt class='gallery-icon landscape'>\n\t\t\t\t\t<a href='https:\/\/blog.lobosonda.com\/19-06-2018-plastik-das-europaeische-parlament-wurde-gefragt\/dsc_0788-2\/'><img loading=\"lazy\" decoding=\"async\" width=\"150\" height=\"150\" src=\"https:\/\/blog.lobosonda.com\/wp-content\/uploads\/2018\/06\/DSC_0788-150x150.jpg\" class=\"attachment-thumbnail size-thumbnail\" alt=\"\" srcset=\"https:\/\/blog.lobosonda.com\/wp-content\/uploads\/2018\/06\/DSC_0788-150x150.jpg 150w, https:\/\/blog.lobosonda.com\/wp-content\/uploads\/2018\/06\/DSC_0788-500x500.jpg 500w, https:\/\/blog.lobosonda.com\/wp-content\/uploads\/2018\/06\/DSC_0788-400x400.jpg 400w, https:\/\/blog.lobosonda.com\/wp-content\/uploads\/2018\/06\/DSC_0788-300x300.jpg 300w\" sizes=\"(max-width: 150px) 100vw, 150px\" \/><\/a>\n\t\t\t\t<\/dt><\/dl><dl class='gallery-item'>\n\t\t\t\t<dt class='gallery-icon landscape'>\n\t\t\t\t\t<a href='https:\/\/blog.lobosonda.com\/19-06-2018-plastik-das-europaeische-parlament-wurde-gefragt\/dsc_1763\/'><img loading=\"lazy\" decoding=\"async\" width=\"150\" height=\"150\" src=\"https:\/\/blog.lobosonda.com\/wp-content\/uploads\/2018\/06\/DSC_1763-150x150.jpg\" class=\"attachment-thumbnail size-thumbnail\" alt=\"\" srcset=\"https:\/\/blog.lobosonda.com\/wp-content\/uploads\/2018\/06\/DSC_1763-150x150.jpg 150w, https:\/\/blog.lobosonda.com\/wp-content\/uploads\/2018\/06\/DSC_1763-500x500.jpg 500w, https:\/\/blog.lobosonda.com\/wp-content\/uploads\/2018\/06\/DSC_1763-400x400.jpg 400w, https:\/\/blog.lobosonda.com\/wp-content\/uploads\/2018\/06\/DSC_1763-300x300.jpg 300w\" sizes=\"(max-width: 150px) 100vw, 150px\" \/><\/a>\n\t\t\t\t<\/dt><\/dl><dl class='gallery-item'>\n\t\t\t\t<dt class='gallery-icon landscape'>\n\t\t\t\t\t<a href='https:\/\/blog.lobosonda.com\/19-06-2018-plastik-das-europaeische-parlament-wurde-gefragt\/dsc_1772-2\/'><img loading=\"lazy\" decoding=\"async\" width=\"150\" height=\"150\" src=\"https:\/\/blog.lobosonda.com\/wp-content\/uploads\/2018\/06\/DSC_1772-150x150.jpg\" class=\"attachment-thumbnail size-thumbnail\" alt=\"\" srcset=\"https:\/\/blog.lobosonda.com\/wp-content\/uploads\/2018\/06\/DSC_1772-150x150.jpg 150w, https:\/\/blog.lobosonda.com\/wp-content\/uploads\/2018\/06\/DSC_1772-500x500.jpg 500w, https:\/\/blog.lobosonda.com\/wp-content\/uploads\/2018\/06\/DSC_1772-400x400.jpg 400w, https:\/\/blog.lobosonda.com\/wp-content\/uploads\/2018\/06\/DSC_1772-300x300.jpg 300w\" sizes=\"(max-width: 150px) 100vw, 150px\" \/><\/a>\n\t\t\t\t<\/dt><\/dl><br style=\"clear: both\" \/><dl class='gallery-item'>\n\t\t\t\t<dt class='gallery-icon landscape'>\n\t\t\t\t\t<a href='https:\/\/blog.lobosonda.com\/19-06-2018-plastik-das-europaeische-parlament-wurde-gefragt\/dsc_1783-4\/'><img loading=\"lazy\" decoding=\"async\" width=\"150\" height=\"150\" src=\"https:\/\/blog.lobosonda.com\/wp-content\/uploads\/2018\/06\/DSC_1783-150x150.jpg\" class=\"attachment-thumbnail size-thumbnail\" alt=\"\" srcset=\"https:\/\/blog.lobosonda.com\/wp-content\/uploads\/2018\/06\/DSC_1783-150x150.jpg 150w, https:\/\/blog.lobosonda.com\/wp-content\/uploads\/2018\/06\/DSC_1783-500x500.jpg 500w, https:\/\/blog.lobosonda.com\/wp-content\/uploads\/2018\/06\/DSC_1783-400x400.jpg 400w, https:\/\/blog.lobosonda.com\/wp-content\/uploads\/2018\/06\/DSC_1783-300x300.jpg 300w\" sizes=\"(max-width: 150px) 100vw, 150px\" \/><\/a>\n\t\t\t\t<\/dt><\/dl><dl class='gallery-item'>\n\t\t\t\t<dt class='gallery-icon landscape'>\n\t\t\t\t\t<a href='https:\/\/blog.lobosonda.com\/19-06-2018-plastik-das-europaeische-parlament-wurde-gefragt\/dsc_1838-4\/'><img loading=\"lazy\" decoding=\"async\" width=\"150\" height=\"150\" src=\"https:\/\/blog.lobosonda.com\/wp-content\/uploads\/2018\/06\/DSC_1838-150x150.jpg\" class=\"attachment-thumbnail size-thumbnail\" alt=\"\" srcset=\"https:\/\/blog.lobosonda.com\/wp-content\/uploads\/2018\/06\/DSC_1838-150x150.jpg 150w, https:\/\/blog.lobosonda.com\/wp-content\/uploads\/2018\/06\/DSC_1838-500x500.jpg 500w, https:\/\/blog.lobosonda.com\/wp-content\/uploads\/2018\/06\/DSC_1838-400x400.jpg 400w, https:\/\/blog.lobosonda.com\/wp-content\/uploads\/2018\/06\/DSC_1838-300x300.jpg 300w\" sizes=\"(max-width: 150px) 100vw, 150px\" \/><\/a>\n\t\t\t\t<\/dt><\/dl><dl class='gallery-item'>\n\t\t\t\t<dt class='gallery-icon landscape'>\n\t\t\t\t\t<a href='https:\/\/blog.lobosonda.com\/19-06-2018-plastik-das-europaeische-parlament-wurde-gefragt\/dsc_1843\/'><img loading=\"lazy\" decoding=\"async\" width=\"150\" height=\"150\" src=\"https:\/\/blog.lobosonda.com\/wp-content\/uploads\/2018\/06\/DSC_1843-150x150.jpg\" class=\"attachment-thumbnail size-thumbnail\" alt=\"\" srcset=\"https:\/\/blog.lobosonda.com\/wp-content\/uploads\/2018\/06\/DSC_1843-150x150.jpg 150w, https:\/\/blog.lobosonda.com\/wp-content\/uploads\/2018\/06\/DSC_1843-500x500.jpg 500w, https:\/\/blog.lobosonda.com\/wp-content\/uploads\/2018\/06\/DSC_1843-400x400.jpg 400w, https:\/\/blog.lobosonda.com\/wp-content\/uploads\/2018\/06\/DSC_1843-300x300.jpg 300w\" sizes=\"(max-width: 150px) 100vw, 150px\" \/><\/a>\n\t\t\t\t<\/dt><\/dl><br style=\"clear: both\" \/><dl class='gallery-item'>\n\t\t\t\t<dt class='gallery-icon landscape'>\n\t\t\t\t\t<a href='https:\/\/blog.lobosonda.com\/19-06-2018-plastik-das-europaeische-parlament-wurde-gefragt\/dsc_1856\/'><img loading=\"lazy\" decoding=\"async\" width=\"150\" height=\"150\" src=\"https:\/\/blog.lobosonda.com\/wp-content\/uploads\/2018\/06\/DSC_1856-150x150.jpg\" class=\"attachment-thumbnail size-thumbnail\" alt=\"\" srcset=\"https:\/\/blog.lobosonda.com\/wp-content\/uploads\/2018\/06\/DSC_1856-150x150.jpg 150w, https:\/\/blog.lobosonda.com\/wp-content\/uploads\/2018\/06\/DSC_1856-500x500.jpg 500w, https:\/\/blog.lobosonda.com\/wp-content\/uploads\/2018\/06\/DSC_1856-400x400.jpg 400w, https:\/\/blog.lobosonda.com\/wp-content\/uploads\/2018\/06\/DSC_1856-300x300.jpg 300w\" sizes=\"(max-width: 150px) 100vw, 150px\" \/><\/a>\n\t\t\t\t<\/dt><\/dl><dl class='gallery-item'>\n\t\t\t\t<dt class='gallery-icon landscape'>\n\t\t\t\t\t<a href='https:\/\/blog.lobosonda.com\/19-06-2018-plastik-das-europaeische-parlament-wurde-gefragt\/dsc_1861-4\/'><img loading=\"lazy\" decoding=\"async\" width=\"150\" height=\"150\" src=\"https:\/\/blog.lobosonda.com\/wp-content\/uploads\/2018\/06\/DSC_1861-150x150.jpg\" class=\"attachment-thumbnail size-thumbnail\" alt=\"\" srcset=\"https:\/\/blog.lobosonda.com\/wp-content\/uploads\/2018\/06\/DSC_1861-150x150.jpg 150w, https:\/\/blog.lobosonda.com\/wp-content\/uploads\/2018\/06\/DSC_1861-500x500.jpg 500w, https:\/\/blog.lobosonda.com\/wp-content\/uploads\/2018\/06\/DSC_1861-400x400.jpg 400w, https:\/\/blog.lobosonda.com\/wp-content\/uploads\/2018\/06\/DSC_1861-300x300.jpg 300w\" sizes=\"(max-width: 150px) 100vw, 150px\" \/><\/a>\n\t\t\t\t<\/dt><\/dl><dl class='gallery-item'>\n\t\t\t\t<dt class='gallery-icon landscape'>\n\t\t\t\t\t<a href='https:\/\/blog.lobosonda.com\/19-06-2018-plastik-das-europaeische-parlament-wurde-gefragt\/dsc_1867-2\/'><img loading=\"lazy\" decoding=\"async\" width=\"150\" height=\"150\" src=\"https:\/\/blog.lobosonda.com\/wp-content\/uploads\/2018\/06\/DSC_1867-150x150.jpg\" class=\"attachment-thumbnail size-thumbnail\" alt=\"\" srcset=\"https:\/\/blog.lobosonda.com\/wp-content\/uploads\/2018\/06\/DSC_1867-150x150.jpg 150w, https:\/\/blog.lobosonda.com\/wp-content\/uploads\/2018\/06\/DSC_1867-500x500.jpg 500w, https:\/\/blog.lobosonda.com\/wp-content\/uploads\/2018\/06\/DSC_1867-400x400.jpg 400w, https:\/\/blog.lobosonda.com\/wp-content\/uploads\/2018\/06\/DSC_1867-300x300.jpg 300w\" sizes=\"(max-width: 150px) 100vw, 150px\" \/><\/a>\n\t\t\t\t<\/dt><\/dl><br style=\"clear: both\" \/><dl class='gallery-item'>\n\t\t\t\t<dt class='gallery-icon landscape'>\n\t\t\t\t\t<a href='https:\/\/blog.lobosonda.com\/19-06-2018-plastik-das-europaeische-parlament-wurde-gefragt\/dsc_1871-2\/'><img loading=\"lazy\" decoding=\"async\" width=\"150\" height=\"150\" src=\"https:\/\/blog.lobosonda.com\/wp-content\/uploads\/2018\/06\/DSC_1871-150x150.jpg\" class=\"attachment-thumbnail size-thumbnail\" alt=\"\" srcset=\"https:\/\/blog.lobosonda.com\/wp-content\/uploads\/2018\/06\/DSC_1871-150x150.jpg 150w, https:\/\/blog.lobosonda.com\/wp-content\/uploads\/2018\/06\/DSC_1871-500x500.jpg 500w, https:\/\/blog.lobosonda.com\/wp-content\/uploads\/2018\/06\/DSC_1871-400x400.jpg 400w, https:\/\/blog.lobosonda.com\/wp-content\/uploads\/2018\/06\/DSC_1871-300x300.jpg 300w\" sizes=\"(max-width: 150px) 100vw, 150px\" \/><\/a>\n\t\t\t\t<\/dt><\/dl>\n\t\t\t\t<br style='clear: both' \/>\n\t\t\t<\/div>\n\n","protected":false},"excerpt":{"rendered":"<p>Auf unseren beiden Touren gab es heute die wundersch\u00f6nen Kurzflossen- Pilotwale (Globicephala macrorhynchus), auch Indischer Grindwal genannt. Da diese Art w\u00e4rmere Gew\u00e4sser bevorzugt, sind sie zwischen<span class=\"excerpt-hellip\"> [\u2026]<\/span><\/p>\n","protected":false},"author":6,"featured_media":48951,"comment_status":"open","ping_status":"open","sticky":false,"template":"","format":"standard","meta":{"footnotes":"","_jetpack_memberships_contains_paid_content":false,"jetpack_publicize_message":"18.06.2018 \u2013 Plastik - Das Europ\u00e4ische Parlament wurde gefragt","jetpack_publicize_feature_enabled":true,"jetpack_social_post_already_shared":true,"jetpack_social_options":{"image_generator_settings":{"template":"highway","enabled":false},"version":2},"_wpscppro_dont_share_socialmedia":false,"_wpscppro_custom_social_share_image":0,"_facebook_share_type":"","_twitter_share_type":"","_linkedin_share_type":"","_pinterest_share_type":"","_linkedin_share_type_page":"","_instagram_share_type":"","_medium_share_type":"","_threads_share_type":"","_google_business_share_type":"","_selected_social_profile":[],"_wpsp_enable_custom_social_template":false,"_wpsp_social_scheduling":{"enabled":false,"datetime":null,"platforms":[],"status":"template_only","dateOption":"today","timeOption":"now","customDays":"","customHours":"","customDate":"","customTime":"","schedulingType":"absolute"},"_wpsp_active_default_template":true},"categories":[1844,1842,1839,1884],"tags":[],"jetpack_publicize_connections":[],"yoast_head":"<!-- This site is optimized with the Yoast SEO plugin v23.4 - https:\/\/yoast.com\/wordpress\/plugins\/seo\/ -->\n<title>19.06.2018 \u2013 Plastik - Das Europ\u00e4ische Parlament wurde gefragt - Lobosonda | Whalewatching | Madeira<\/title>\n<meta name=\"robots\" content=\"index, follow, max-snippet:-1, max-image-preview:large, max-video-preview:-1\" \/>\n<link rel=\"canonical\" href=\"https:\/\/blog.lobosonda.com\/de\/19-06-2018-plastik-das-europaeische-parlament-wurde-gefragt\/\" \/>\n<meta property=\"og:locale\" content=\"de_DE\" \/>\n<meta property=\"og:type\" content=\"article\" \/>\n<meta property=\"og:title\" content=\"19.06.2018 \u2013 Plastik - Das Europ\u00e4ische Parlament wurde gefragt - Lobosonda | Whalewatching | Madeira\" \/>\n<meta property=\"og:description\" content=\"Auf unseren beiden Touren gab es heute die wundersch\u00f6nen Kurzflossen- Pilotwale (Globicephala macrorhynchus), auch Indischer Grindwal genannt. Da diese Art w\u00e4rmere Gew\u00e4sser bevorzugt, sind sie zwischen [\u2026]\" \/>\n<meta property=\"og:url\" content=\"https:\/\/blog.lobosonda.com\/de\/19-06-2018-plastik-das-europaeische-parlament-wurde-gefragt\/\" \/>\n<meta property=\"og:site_name\" content=\"Lobosonda | Whalewatching | Madeira\" \/>\n<meta property=\"article:publisher\" content=\"https:\/\/www.facebook.com\/lobosonda\/\" \/>\n<meta property=\"article:published_time\" content=\"2018-06-29T18:00:35+00:00\" \/>\n<meta property=\"article:modified_time\" content=\"2018-06-22T17:42:44+00:00\" \/>\n<meta property=\"og:image\" content=\"https:\/\/blog.lobosonda.com\/wp-content\/uploads\/2018\/06\/DSC_1871.jpg\" \/>\n\t<meta property=\"og:image:width\" content=\"1500\" \/>\n\t<meta property=\"og:image:height\" content=\"998\" \/>\n\t<meta property=\"og:image:type\" content=\"image\/jpeg\" \/>\n<meta name=\"author\" content=\"Marlene Cabral\" \/>\n<meta name=\"twitter:card\" content=\"summary_large_image\" \/>\n<meta name=\"twitter:label1\" content=\"Verfasst von\" \/>\n\t<meta name=\"twitter:data1\" content=\"Marlene Cabral\" \/>\n\t<meta name=\"twitter:label2\" content=\"Gesch\u00e4tzte Lesezeit\" \/>\n\t<meta name=\"twitter:data2\" content=\"2\u00a0Minuten\" \/>\n<script type=\"application\/ld+json\" class=\"yoast-schema-graph\">{\"@context\":\"https:\/\/schema.org\",\"@graph\":[{\"@type\":\"Article\",\"@id\":\"https:\/\/blog.lobosonda.com\/de\/19-06-2018-plastik-das-europaeische-parlament-wurde-gefragt\/#article\",\"isPartOf\":{\"@id\":\"https:\/\/blog.lobosonda.com\/de\/19-06-2018-plastik-das-europaeische-parlament-wurde-gefragt\/\"},\"author\":{\"name\":\"Marlene Cabral\",\"@id\":\"https:\/\/blog.lobosonda.com\/de\/#\/schema\/person\/4176ca4440a9570d02999532754869a7\"},\"headline\":\"19.06.2018 \u2013 Plastik &#8211; Das Europ\u00e4ische Parlament wurde gefragt\",\"datePublished\":\"2018-06-29T18:00:35+00:00\",\"dateModified\":\"2018-06-22T17:42:44+00:00\",\"mainEntityOfPage\":{\"@id\":\"https:\/\/blog.lobosonda.com\/de\/19-06-2018-plastik-das-europaeische-parlament-wurde-gefragt\/\"},\"wordCount\":443,\"commentCount\":0,\"publisher\":{\"@id\":\"https:\/\/blog.lobosonda.com\/de\/#organization\"},\"image\":{\"@id\":\"https:\/\/blog.lobosonda.com\/de\/19-06-2018-plastik-das-europaeische-parlament-wurde-gefragt\/#primaryimage\"},\"thumbnailUrl\":\"https:\/\/blog.lobosonda.com\/wp-content\/uploads\/2018\/06\/DSC_1871.jpg\",\"articleSection\":[\"Gemeiner Delfin\",\"Gro\u00dfer T\u00fcmmler\",\"Pilotwal\",\"Ribeira Brava\"],\"inLanguage\":\"de\",\"potentialAction\":[{\"@type\":\"CommentAction\",\"name\":\"Comment\",\"target\":[\"https:\/\/blog.lobosonda.com\/de\/19-06-2018-plastik-das-europaeische-parlament-wurde-gefragt\/#respond\"]}]},{\"@type\":\"WebPage\",\"@id\":\"https:\/\/blog.lobosonda.com\/de\/19-06-2018-plastik-das-europaeische-parlament-wurde-gefragt\/\",\"url\":\"https:\/\/blog.lobosonda.com\/de\/19-06-2018-plastik-das-europaeische-parlament-wurde-gefragt\/\",\"name\":\"19.06.2018 \u2013 Plastik - Das Europ\u00e4ische Parlament wurde gefragt - Lobosonda | Whalewatching | Madeira\",\"isPartOf\":{\"@id\":\"https:\/\/blog.lobosonda.com\/de\/#website\"},\"primaryImageOfPage\":{\"@id\":\"https:\/\/blog.lobosonda.com\/de\/19-06-2018-plastik-das-europaeische-parlament-wurde-gefragt\/#primaryimage\"},\"image\":{\"@id\":\"https:\/\/blog.lobosonda.com\/de\/19-06-2018-plastik-das-europaeische-parlament-wurde-gefragt\/#primaryimage\"},\"thumbnailUrl\":\"https:\/\/blog.lobosonda.com\/wp-content\/uploads\/2018\/06\/DSC_1871.jpg\",\"datePublished\":\"2018-06-29T18:00:35+00:00\",\"dateModified\":\"2018-06-22T17:42:44+00:00\",\"breadcrumb\":{\"@id\":\"https:\/\/blog.lobosonda.com\/de\/19-06-2018-plastik-das-europaeische-parlament-wurde-gefragt\/#breadcrumb\"},\"inLanguage\":\"de\",\"potentialAction\":[{\"@type\":\"ReadAction\",\"target\":[\"https:\/\/blog.lobosonda.com\/de\/19-06-2018-plastik-das-europaeische-parlament-wurde-gefragt\/\"]}]},{\"@type\":\"ImageObject\",\"inLanguage\":\"de\",\"@id\":\"https:\/\/blog.lobosonda.com\/de\/19-06-2018-plastik-das-europaeische-parlament-wurde-gefragt\/#primaryimage\",\"url\":\"https:\/\/blog.lobosonda.com\/wp-content\/uploads\/2018\/06\/DSC_1871.jpg\",\"contentUrl\":\"https:\/\/blog.lobosonda.com\/wp-content\/uploads\/2018\/06\/DSC_1871.jpg\",\"width\":1500,\"height\":998},{\"@type\":\"BreadcrumbList\",\"@id\":\"https:\/\/blog.lobosonda.com\/de\/19-06-2018-plastik-das-europaeische-parlament-wurde-gefragt\/#breadcrumb\",\"itemListElement\":[{\"@type\":\"ListItem\",\"position\":1,\"name\":\"Home\",\"item\":\"https:\/\/blog.lobosonda.com\/de\/\"},{\"@type\":\"ListItem\",\"position\":2,\"name\":\"19.06.2018 \u2013 Plastik &#8211; Das Europ\u00e4ische Parlament wurde gefragt\"}]},{\"@type\":\"WebSite\",\"@id\":\"https:\/\/blog.lobosonda.com\/de\/#website\",\"url\":\"https:\/\/blog.lobosonda.com\/de\/\",\"name\":\"Lobosonda | Whalewatching | Madeira\",\"description\":\"We stand for Water, Whales, Whale Watching, Whale conservation, Wellness and for Welcome. Lobosonda is a whale watching company respectful of all marine biodiversity operating in Madeira since 2003.\",\"publisher\":{\"@id\":\"https:\/\/blog.lobosonda.com\/de\/#organization\"},\"potentialAction\":[{\"@type\":\"SearchAction\",\"target\":{\"@type\":\"EntryPoint\",\"urlTemplate\":\"https:\/\/blog.lobosonda.com\/de\/?s={search_term_string}\"},\"query-input\":{\"@type\":\"PropertyValueSpecification\",\"valueRequired\":true,\"valueName\":\"search_term_string\"}}],\"inLanguage\":\"de\"},{\"@type\":\"Organization\",\"@id\":\"https:\/\/blog.lobosonda.com\/de\/#organization\",\"name\":\"LobosOnda.com\",\"url\":\"https:\/\/blog.lobosonda.com\/de\/\",\"logo\":{\"@type\":\"ImageObject\",\"inLanguage\":\"de\",\"@id\":\"https:\/\/blog.lobosonda.com\/de\/#\/schema\/logo\/image\/\",\"url\":\"https:\/\/www.lobosonda.com\/wp-content\/uploads\/2015\/04\/26167722_1853708551347437_4239983716863157418_n.jpg\",\"contentUrl\":\"https:\/\/www.lobosonda.com\/wp-content\/uploads\/2015\/04\/26167722_1853708551347437_4239983716863157418_n.jpg\",\"width\":480,\"height\":480,\"caption\":\"LobosOnda.com\"},\"image\":{\"@id\":\"https:\/\/blog.lobosonda.com\/de\/#\/schema\/logo\/image\/\"},\"sameAs\":[\"https:\/\/www.facebook.com\/lobosonda\/\",\"https:\/\/instagram.com\/lobosonda\/\",\"https:\/\/www.youtube.com\/user\/lobosonda\"]},{\"@type\":\"Person\",\"@id\":\"https:\/\/blog.lobosonda.com\/de\/#\/schema\/person\/4176ca4440a9570d02999532754869a7\",\"name\":\"Marlene Cabral\",\"image\":{\"@type\":\"ImageObject\",\"inLanguage\":\"de\",\"@id\":\"https:\/\/blog.lobosonda.com\/de\/#\/schema\/person\/image\/\",\"url\":\"https:\/\/secure.gravatar.com\/avatar\/3733cc2f4e56333c6fbd235bc306eabc?s=96&d=mm&r=g\",\"contentUrl\":\"https:\/\/secure.gravatar.com\/avatar\/3733cc2f4e56333c6fbd235bc306eabc?s=96&d=mm&r=g\",\"caption\":\"Marlene Cabral\"},\"url\":\"https:\/\/blog.lobosonda.com\/de\/author\/marlenecabral\/\"}]}<\/script>\n<!-- \/ Yoast SEO plugin. -->","yoast_head_json":{"title":"19.06.2018 \u2013 Plastik - Das Europ\u00e4ische Parlament wurde gefragt - Lobosonda | Whalewatching | Madeira","robots":{"index":"index","follow":"follow","max-snippet":"max-snippet:-1","max-image-preview":"max-image-preview:large","max-video-preview":"max-video-preview:-1"},"canonical":"https:\/\/blog.lobosonda.com\/de\/19-06-2018-plastik-das-europaeische-parlament-wurde-gefragt\/","og_locale":"de_DE","og_type":"article","og_title":"19.06.2018 \u2013 Plastik - Das Europ\u00e4ische Parlament wurde gefragt - Lobosonda | Whalewatching | Madeira","og_description":"Auf unseren beiden Touren gab es heute die wundersch\u00f6nen Kurzflossen- Pilotwale (Globicephala macrorhynchus), auch Indischer Grindwal genannt. Da diese Art w\u00e4rmere Gew\u00e4sser bevorzugt, sind sie zwischen [\u2026]","og_url":"https:\/\/blog.lobosonda.com\/de\/19-06-2018-plastik-das-europaeische-parlament-wurde-gefragt\/","og_site_name":"Lobosonda | Whalewatching | Madeira","article_publisher":"https:\/\/www.facebook.com\/lobosonda\/","article_published_time":"2018-06-29T18:00:35+00:00","article_modified_time":"2018-06-22T17:42:44+00:00","og_image":[{"width":1500,"height":998,"url":"https:\/\/blog.lobosonda.com\/wp-content\/uploads\/2018\/06\/DSC_1871.jpg","type":"image\/jpeg"}],"author":"Marlene Cabral","twitter_card":"summary_large_image","twitter_misc":{"Verfasst von":"Marlene Cabral","Gesch\u00e4tzte Lesezeit":"2\u00a0Minuten"},"schema":{"@context":"https:\/\/schema.org","@graph":[{"@type":"Article","@id":"https:\/\/blog.lobosonda.com\/de\/19-06-2018-plastik-das-europaeische-parlament-wurde-gefragt\/#article","isPartOf":{"@id":"https:\/\/blog.lobosonda.com\/de\/19-06-2018-plastik-das-europaeische-parlament-wurde-gefragt\/"},"author":{"name":"Marlene Cabral","@id":"https:\/\/blog.lobosonda.com\/de\/#\/schema\/person\/4176ca4440a9570d02999532754869a7"},"headline":"19.06.2018 \u2013 Plastik &#8211; Das Europ\u00e4ische Parlament wurde gefragt","datePublished":"2018-06-29T18:00:35+00:00","dateModified":"2018-06-22T17:42:44+00:00","mainEntityOfPage":{"@id":"https:\/\/blog.lobosonda.com\/de\/19-06-2018-plastik-das-europaeische-parlament-wurde-gefragt\/"},"wordCount":443,"commentCount":0,"publisher":{"@id":"https:\/\/blog.lobosonda.com\/de\/#organization"},"image":{"@id":"https:\/\/blog.lobosonda.com\/de\/19-06-2018-plastik-das-europaeische-parlament-wurde-gefragt\/#primaryimage"},"thumbnailUrl":"https:\/\/blog.lobosonda.com\/wp-content\/uploads\/2018\/06\/DSC_1871.jpg","articleSection":["Gemeiner Delfin","Gro\u00dfer T\u00fcmmler","Pilotwal","Ribeira Brava"],"inLanguage":"de","potentialAction":[{"@type":"CommentAction","name":"Comment","target":["https:\/\/blog.lobosonda.com\/de\/19-06-2018-plastik-das-europaeische-parlament-wurde-gefragt\/#respond"]}]},{"@type":"WebPage","@id":"https:\/\/blog.lobosonda.com\/de\/19-06-2018-plastik-das-europaeische-parlament-wurde-gefragt\/","url":"https:\/\/blog.lobosonda.com\/de\/19-06-2018-plastik-das-europaeische-parlament-wurde-gefragt\/","name":"19.06.2018 \u2013 Plastik - Das Europ\u00e4ische Parlament wurde gefragt - Lobosonda | Whalewatching | Madeira","isPartOf":{"@id":"https:\/\/blog.lobosonda.com\/de\/#website"},"primaryImageOfPage":{"@id":"https:\/\/blog.lobosonda.com\/de\/19-06-2018-plastik-das-europaeische-parlament-wurde-gefragt\/#primaryimage"},"image":{"@id":"https:\/\/blog.lobosonda.com\/de\/19-06-2018-plastik-das-europaeische-parlament-wurde-gefragt\/#primaryimage"},"thumbnailUrl":"https:\/\/blog.lobosonda.com\/wp-content\/uploads\/2018\/06\/DSC_1871.jpg","datePublished":"2018-06-29T18:00:35+00:00","dateModified":"2018-06-22T17:42:44+00:00","breadcrumb":{"@id":"https:\/\/blog.lobosonda.com\/de\/19-06-2018-plastik-das-europaeische-parlament-wurde-gefragt\/#breadcrumb"},"inLanguage":"de","potentialAction":[{"@type":"ReadAction","target":["https:\/\/blog.lobosonda.com\/de\/19-06-2018-plastik-das-europaeische-parlament-wurde-gefragt\/"]}]},{"@type":"ImageObject","inLanguage":"de","@id":"https:\/\/blog.lobosonda.com\/de\/19-06-2018-plastik-das-europaeische-parlament-wurde-gefragt\/#primaryimage","url":"https:\/\/blog.lobosonda.com\/wp-content\/uploads\/2018\/06\/DSC_1871.jpg","contentUrl":"https:\/\/blog.lobosonda.com\/wp-content\/uploads\/2018\/06\/DSC_1871.jpg","width":1500,"height":998},{"@type":"BreadcrumbList","@id":"https:\/\/blog.lobosonda.com\/de\/19-06-2018-plastik-das-europaeische-parlament-wurde-gefragt\/#breadcrumb","itemListElement":[{"@type":"ListItem","position":1,"name":"Home","item":"https:\/\/blog.lobosonda.com\/de\/"},{"@type":"ListItem","position":2,"name":"19.06.2018 \u2013 Plastik &#8211; Das Europ\u00e4ische Parlament wurde gefragt"}]},{"@type":"WebSite","@id":"https:\/\/blog.lobosonda.com\/de\/#website","url":"https:\/\/blog.lobosonda.com\/de\/","name":"Lobosonda | Whalewatching | Madeira","description":"We stand for Water, Whales, Whale Watching, Whale conservation, Wellness and for Welcome. Lobosonda is a whale watching company respectful of all marine biodiversity operating in Madeira since 2003.","publisher":{"@id":"https:\/\/blog.lobosonda.com\/de\/#organization"},"potentialAction":[{"@type":"SearchAction","target":{"@type":"EntryPoint","urlTemplate":"https:\/\/blog.lobosonda.com\/de\/?s={search_term_string}"},"query-input":{"@type":"PropertyValueSpecification","valueRequired":true,"valueName":"search_term_string"}}],"inLanguage":"de"},{"@type":"Organization","@id":"https:\/\/blog.lobosonda.com\/de\/#organization","name":"LobosOnda.com","url":"https:\/\/blog.lobosonda.com\/de\/","logo":{"@type":"ImageObject","inLanguage":"de","@id":"https:\/\/blog.lobosonda.com\/de\/#\/schema\/logo\/image\/","url":"https:\/\/www.lobosonda.com\/wp-content\/uploads\/2015\/04\/26167722_1853708551347437_4239983716863157418_n.jpg","contentUrl":"https:\/\/www.lobosonda.com\/wp-content\/uploads\/2015\/04\/26167722_1853708551347437_4239983716863157418_n.jpg","width":480,"height":480,"caption":"LobosOnda.com"},"image":{"@id":"https:\/\/blog.lobosonda.com\/de\/#\/schema\/logo\/image\/"},"sameAs":["https:\/\/www.facebook.com\/lobosonda\/","https:\/\/instagram.com\/lobosonda\/","https:\/\/www.youtube.com\/user\/lobosonda"]},{"@type":"Person","@id":"https:\/\/blog.lobosonda.com\/de\/#\/schema\/person\/4176ca4440a9570d02999532754869a7","name":"Marlene Cabral","image":{"@type":"ImageObject","inLanguage":"de","@id":"https:\/\/blog.lobosonda.com\/de\/#\/schema\/person\/image\/","url":"https:\/\/secure.gravatar.com\/avatar\/3733cc2f4e56333c6fbd235bc306eabc?s=96&d=mm&r=g","contentUrl":"https:\/\/secure.gravatar.com\/avatar\/3733cc2f4e56333c6fbd235bc306eabc?s=96&d=mm&r=g","caption":"Marlene Cabral"},"url":"https:\/\/blog.lobosonda.com\/de\/author\/marlenecabral\/"}]}},"jetpack_featured_media_url":"https:\/\/blog.lobosonda.com\/wp-content\/uploads\/2018\/06\/DSC_1871.jpg","jetpack_sharing_enabled":true,"jetpack_likes_enabled":true,"_links":{"self":[{"href":"https:\/\/blog.lobosonda.com\/de\/wp-json\/wp\/v2\/posts\/48878"}],"collection":[{"href":"https:\/\/blog.lobosonda.com\/de\/wp-json\/wp\/v2\/posts"}],"about":[{"href":"https:\/\/blog.lobosonda.com\/de\/wp-json\/wp\/v2\/types\/post"}],"author":[{"embeddable":true,"href":"https:\/\/blog.lobosonda.com\/de\/wp-json\/wp\/v2\/users\/6"}],"replies":[{"embeddable":true,"href":"https:\/\/blog.lobosonda.com\/de\/wp-json\/wp\/v2\/comments?post=48878"}],"version-history":[{"count":0,"href":"https:\/\/blog.lobosonda.com\/de\/wp-json\/wp\/v2\/posts\/48878\/revisions"}],"wp:featuredmedia":[{"embeddable":true,"href":"https:\/\/blog.lobosonda.com\/de\/wp-json\/wp\/v2\/media\/48951"}],"wp:attachment":[{"href":"https:\/\/blog.lobosonda.com\/de\/wp-json\/wp\/v2\/media?parent=48878"}],"wp:term":[{"taxonomy":"category","embeddable":true,"href":"https:\/\/blog.lobosonda.com\/de\/wp-json\/wp\/v2\/categories?post=48878"},{"taxonomy":"post_tag","embeddable":true,"href":"https:\/\/blog.lobosonda.com\/de\/wp-json\/wp\/v2\/tags?post=48878"}],"curies":[{"name":"wp","href":"https:\/\/api.w.org\/{rel}","templated":true}]}}