{"id":48527,"date":"2018-06-17T19:00:04","date_gmt":"2018-06-17T18:00:04","guid":{"rendered":"https:\/\/www.lobosonda.com\/?p=48527\/"},"modified":"2018-06-13T09:32:47","modified_gmt":"2018-06-13T08:32:47","slug":"04-06-2018-die-dunklen-delfine","status":"publish","type":"post","link":"https:\/\/blog.lobosonda.com\/de\/04-06-2018-die-dunklen-delfine\/","title":{"rendered":"04.06.2018 &#8211; Die dunklen Delfine"},"content":{"rendered":"<p style=\"text-align: justify;\">Unsere G\u00e4ste durften w\u00e4hrend der Tour heute Morgen eine Sichtung mit einem gro\u00dfem Tropischen Wal (<em>Balaenoptera edeni<\/em>) genie\u00dfen und hatten noch zus\u00e4tzlich eine Begenung mit einer Schule von Kurzschnabel Gew\u00f6hnliche Delfine (<em>Dephinus delphis<\/em>).<\/p>\n<p style=\"text-align: justify;\">W\u00e4hren die Delfine entlang unserer Ribeira Brava schwammen, konnten wir zwei anomal schwarz-gef\u00e4rbte Tiere in der Herde ausmachen. Generell werden Gew\u00f6hnliche Delfine durch ihre gelbe Sanduhrzeichnung entlang der Seite ihres K\u00f6rpers sehr gut identifiziert und genau diese charakteristische Zeichnung war bei den 2 Individuen nicht zu erkennen. Diese seltene Anomalie wird als Hyperpigmentation oder Melanismus bezeichnet, und beschreibt eine Mutation die eine exzessive Produktion von Melanin hervorruft. Melanin ist ein Hautpigment dass eine wichtige Rolle im UV Schutz spielt und verursacht im \u00dcberschuss diese dunkle F\u00e4rbung. Diese Kondition kann viele Nachteile mit sich bringen; dem Tier fehlt die typische \u201eCounter-shading\u201c F\u00e4rbung und das abnormale Aussehen kann Paarungsm\u00f6glichkeiten einschr\u00e4nken. Diese zwei Tiere waren jedoch super integriert in der Herde und einer von Beiden hatte sogar ein kleines Kalb an ihre Seite, welches auch d\u00fcnkler gef\u00e4rbt war (was das Ganze noch spannender macht). Bei einigen Tierarten wurde adaptiven Melanismus nachgewiesen, wobei die Hyper-Pigmentation, aufgrund m\u00f6glicher Vorteile (Tarnung bei der Jagd beispielsweise) an j\u00fcngere Generationen weiter vererbt wird.<\/p>\n<p style=\"text-align: justify;\">Diese interessanten Beobachtungen heute Morgen waren nur ein Vorspiel f\u00fcr unsere Nachmittagstour, welche auch zuf\u00e4llig die erste Tour mit unseren neuen Sommerguide, Jan, war. Wir hatten wieder Sichtungen mit Kurzschnabel Gew\u00f6hnliche Delfine und Tropische Wale, und begegneten zus\u00e4tzlich noch eine Schule von Gro\u00dfen T\u00fcmmlern (<em>Tursiops truncatus<\/em>) und einige Unechte Karettschildkr\u00f6ten (<em>Caretta caretta<\/em>). Was f\u00fcr ein toller Start in die neue Woche!<\/p>\n<p style=\"text-align: right;\"><span style=\"font-size: 10pt;\"><em>Von Paula Thake<\/em><\/span><\/p>\n<p style=\"text-align: justify;\"><em><strong><u>Sichtungen des Tages<\/u><\/strong><\/em><\/p>\n<p style=\"text-align: justify;\"><strong>13:30<\/strong> Kurzschnabel Gew\u00f6hnliche Delfine, Tropische Wale<\/p>\n<p style=\"text-align: justify;\"><strong>17:00<\/strong> Gro\u00dfe T\u00fcmmler, Kurzschnabel Gew\u00f6hnliche Delfine, Tropische Wale, Unechte Karettschildkr\u00f6ten<\/p>\n\n\t\t\t<style type='text\/css'>\n\t\t\t\t#sc_gallery-2113 {\n\t\t\t\t\tmargin: auto;\n\t\t\t\t}\n\t\t\t\t#sc_gallery-2113 .gallery-item {\n\t\t\t\t\tfloat: left;\n\t\t\t\t\tmargin-top: 10px;\n\t\t\t\t\ttext-align: center;\n\t\t\t\t\twidth: 33.33%;\n\t\t\t\t}\n\t\t\t\t#sc_gallery-2113 img {\n\t\t\t\t\tborder: 2px solid #cfcfcf;\n\t\t\t\t}\n\t\t\t\t#sc_gallery-2113 .gallery-caption {\n\t\t\t\t\tmargin-left: 0;\n\t\t\t\t}\n\t\t\t\t\/* see sc_gallery() in functions\/theme-shortcodes.php *\/\n\t\t\t<\/style>\n\t\t<div id='sc_gallery-2113' class='gallery element_classes galleryid-48527 gallery-columns-3 gallery-size-thumbnail '><dl class='gallery-item'>\n\t\t\t\t<dt class='gallery-icon landscape'>\n\t\t\t\t\t<a href='https:\/\/blog.lobosonda.com\/04-06-2018-die-dunklen-delfine\/dsc_9420-2\/'><img loading=\"lazy\" decoding=\"async\" width=\"150\" height=\"150\" src=\"https:\/\/blog.lobosonda.com\/wp-content\/uploads\/2018\/06\/DSC_9420-150x150.jpg\" class=\"attachment-thumbnail size-thumbnail\" alt=\"\" srcset=\"https:\/\/blog.lobosonda.com\/wp-content\/uploads\/2018\/06\/DSC_9420-150x150.jpg 150w, https:\/\/blog.lobosonda.com\/wp-content\/uploads\/2018\/06\/DSC_9420-500x500.jpg 500w, https:\/\/blog.lobosonda.com\/wp-content\/uploads\/2018\/06\/DSC_9420-400x400.jpg 400w, https:\/\/blog.lobosonda.com\/wp-content\/uploads\/2018\/06\/DSC_9420-300x300.jpg 300w\" sizes=\"(max-width: 150px) 100vw, 150px\" \/><\/a>\n\t\t\t\t<\/dt><\/dl><dl class='gallery-item'>\n\t\t\t\t<dt class='gallery-icon landscape'>\n\t\t\t\t\t<a href='https:\/\/blog.lobosonda.com\/04-06-2018-die-dunklen-delfine\/dsc_9568-2\/'><img loading=\"lazy\" decoding=\"async\" width=\"150\" height=\"150\" src=\"https:\/\/blog.lobosonda.com\/wp-content\/uploads\/2018\/06\/DSC_9568-150x150.jpg\" class=\"attachment-thumbnail size-thumbnail\" alt=\"\" srcset=\"https:\/\/blog.lobosonda.com\/wp-content\/uploads\/2018\/06\/DSC_9568-150x150.jpg 150w, https:\/\/blog.lobosonda.com\/wp-content\/uploads\/2018\/06\/DSC_9568-500x500.jpg 500w, https:\/\/blog.lobosonda.com\/wp-content\/uploads\/2018\/06\/DSC_9568-400x400.jpg 400w, https:\/\/blog.lobosonda.com\/wp-content\/uploads\/2018\/06\/DSC_9568-300x300.jpg 300w\" sizes=\"(max-width: 150px) 100vw, 150px\" \/><\/a>\n\t\t\t\t<\/dt><\/dl><dl class='gallery-item'>\n\t\t\t\t<dt class='gallery-icon landscape'>\n\t\t\t\t\t<a href='https:\/\/blog.lobosonda.com\/04-06-2018-die-dunklen-delfine\/dsc_9575-2\/'><img loading=\"lazy\" decoding=\"async\" width=\"150\" height=\"150\" src=\"https:\/\/blog.lobosonda.com\/wp-content\/uploads\/2018\/06\/DSC_9575-150x150.jpg\" class=\"attachment-thumbnail size-thumbnail\" alt=\"\" srcset=\"https:\/\/blog.lobosonda.com\/wp-content\/uploads\/2018\/06\/DSC_9575-150x150.jpg 150w, https:\/\/blog.lobosonda.com\/wp-content\/uploads\/2018\/06\/DSC_9575-500x500.jpg 500w, https:\/\/blog.lobosonda.com\/wp-content\/uploads\/2018\/06\/DSC_9575-400x400.jpg 400w, https:\/\/blog.lobosonda.com\/wp-content\/uploads\/2018\/06\/DSC_9575-300x300.jpg 300w\" sizes=\"(max-width: 150px) 100vw, 150px\" \/><\/a>\n\t\t\t\t<\/dt><\/dl><br style=\"clear: both\" \/><dl class='gallery-item'>\n\t\t\t\t<dt class='gallery-icon landscape'>\n\t\t\t\t\t<a href='https:\/\/blog.lobosonda.com\/04-06-2018-die-dunklen-delfine\/dsc_9594-2\/'><img loading=\"lazy\" decoding=\"async\" width=\"150\" height=\"150\" src=\"https:\/\/blog.lobosonda.com\/wp-content\/uploads\/2018\/06\/DSC_9594-150x150.jpg\" class=\"attachment-thumbnail size-thumbnail\" alt=\"\" srcset=\"https:\/\/blog.lobosonda.com\/wp-content\/uploads\/2018\/06\/DSC_9594-150x150.jpg 150w, https:\/\/blog.lobosonda.com\/wp-content\/uploads\/2018\/06\/DSC_9594-500x500.jpg 500w, https:\/\/blog.lobosonda.com\/wp-content\/uploads\/2018\/06\/DSC_9594-400x400.jpg 400w, https:\/\/blog.lobosonda.com\/wp-content\/uploads\/2018\/06\/DSC_9594-300x300.jpg 300w\" sizes=\"(max-width: 150px) 100vw, 150px\" \/><\/a>\n\t\t\t\t<\/dt><\/dl><dl class='gallery-item'>\n\t\t\t\t<dt class='gallery-icon landscape'>\n\t\t\t\t\t<a href='https:\/\/blog.lobosonda.com\/04-06-2018-die-dunklen-delfine\/dsc_9683-4\/'><img loading=\"lazy\" decoding=\"async\" width=\"150\" height=\"150\" src=\"https:\/\/blog.lobosonda.com\/wp-content\/uploads\/2018\/06\/DSC_9683-150x150.jpg\" class=\"attachment-thumbnail size-thumbnail\" alt=\"\" srcset=\"https:\/\/blog.lobosonda.com\/wp-content\/uploads\/2018\/06\/DSC_9683-150x150.jpg 150w, https:\/\/blog.lobosonda.com\/wp-content\/uploads\/2018\/06\/DSC_9683-500x500.jpg 500w, https:\/\/blog.lobosonda.com\/wp-content\/uploads\/2018\/06\/DSC_9683-400x400.jpg 400w, https:\/\/blog.lobosonda.com\/wp-content\/uploads\/2018\/06\/DSC_9683-300x300.jpg 300w\" sizes=\"(max-width: 150px) 100vw, 150px\" \/><\/a>\n\t\t\t\t<\/dt><\/dl><dl class='gallery-item'>\n\t\t\t\t<dt class='gallery-icon landscape'>\n\t\t\t\t\t<a href='https:\/\/blog.lobosonda.com\/04-06-2018-die-dunklen-delfine\/dsc_9756-2\/'><img loading=\"lazy\" decoding=\"async\" width=\"150\" height=\"150\" src=\"https:\/\/blog.lobosonda.com\/wp-content\/uploads\/2018\/06\/DSC_9756-150x150.jpg\" class=\"attachment-thumbnail size-thumbnail\" alt=\"\" srcset=\"https:\/\/blog.lobosonda.com\/wp-content\/uploads\/2018\/06\/DSC_9756-150x150.jpg 150w, https:\/\/blog.lobosonda.com\/wp-content\/uploads\/2018\/06\/DSC_9756-500x500.jpg 500w, https:\/\/blog.lobosonda.com\/wp-content\/uploads\/2018\/06\/DSC_9756-400x400.jpg 400w, https:\/\/blog.lobosonda.com\/wp-content\/uploads\/2018\/06\/DSC_9756-300x300.jpg 300w\" sizes=\"(max-width: 150px) 100vw, 150px\" \/><\/a>\n\t\t\t\t<\/dt><\/dl><br style=\"clear: both\" \/><dl class='gallery-item'>\n\t\t\t\t<dt class='gallery-icon landscape'>\n\t\t\t\t\t<a href='https:\/\/blog.lobosonda.com\/04-06-2018-die-dunklen-delfine\/dsc_9803-2\/'><img loading=\"lazy\" decoding=\"async\" width=\"150\" height=\"150\" src=\"https:\/\/blog.lobosonda.com\/wp-content\/uploads\/2018\/06\/DSC_9803-150x150.jpg\" class=\"attachment-thumbnail size-thumbnail\" alt=\"\" srcset=\"https:\/\/blog.lobosonda.com\/wp-content\/uploads\/2018\/06\/DSC_9803-150x150.jpg 150w, https:\/\/blog.lobosonda.com\/wp-content\/uploads\/2018\/06\/DSC_9803-500x500.jpg 500w, https:\/\/blog.lobosonda.com\/wp-content\/uploads\/2018\/06\/DSC_9803-400x400.jpg 400w, https:\/\/blog.lobosonda.com\/wp-content\/uploads\/2018\/06\/DSC_9803-300x300.jpg 300w\" sizes=\"(max-width: 150px) 100vw, 150px\" \/><\/a>\n\t\t\t\t<\/dt><\/dl><dl class='gallery-item'>\n\t\t\t\t<dt class='gallery-icon landscape'>\n\t\t\t\t\t<a href='https:\/\/blog.lobosonda.com\/04-06-2018-die-dunklen-delfine\/dsc_9826-3\/'><img loading=\"lazy\" decoding=\"async\" width=\"150\" height=\"150\" src=\"https:\/\/blog.lobosonda.com\/wp-content\/uploads\/2018\/06\/DSC_9826-150x150.jpg\" class=\"attachment-thumbnail size-thumbnail\" alt=\"\" srcset=\"https:\/\/blog.lobosonda.com\/wp-content\/uploads\/2018\/06\/DSC_9826-150x150.jpg 150w, https:\/\/blog.lobosonda.com\/wp-content\/uploads\/2018\/06\/DSC_9826-500x500.jpg 500w, https:\/\/blog.lobosonda.com\/wp-content\/uploads\/2018\/06\/DSC_9826-400x400.jpg 400w, https:\/\/blog.lobosonda.com\/wp-content\/uploads\/2018\/06\/DSC_9826-300x300.jpg 300w\" sizes=\"(max-width: 150px) 100vw, 150px\" \/><\/a>\n\t\t\t\t<\/dt><\/dl><dl class='gallery-item'>\n\t\t\t\t<dt class='gallery-icon landscape'>\n\t\t\t\t\t<a href='https:\/\/blog.lobosonda.com\/04-06-2018-die-dunklen-delfine\/dsc_9829-3\/'><img loading=\"lazy\" decoding=\"async\" width=\"150\" height=\"150\" src=\"https:\/\/blog.lobosonda.com\/wp-content\/uploads\/2018\/06\/DSC_9829-150x150.jpg\" class=\"attachment-thumbnail size-thumbnail\" alt=\"\" srcset=\"https:\/\/blog.lobosonda.com\/wp-content\/uploads\/2018\/06\/DSC_9829-150x150.jpg 150w, https:\/\/blog.lobosonda.com\/wp-content\/uploads\/2018\/06\/DSC_9829-500x500.jpg 500w, https:\/\/blog.lobosonda.com\/wp-content\/uploads\/2018\/06\/DSC_9829-400x400.jpg 400w, https:\/\/blog.lobosonda.com\/wp-content\/uploads\/2018\/06\/DSC_9829-300x300.jpg 300w\" sizes=\"(max-width: 150px) 100vw, 150px\" \/><\/a>\n\t\t\t\t<\/dt><\/dl><br style=\"clear: both\" \/><dl class='gallery-item'>\n\t\t\t\t<dt class='gallery-icon landscape'>\n\t\t\t\t\t<a href='https:\/\/blog.lobosonda.com\/04-06-2018-die-dunklen-delfine\/dsc_9832\/'><img loading=\"lazy\" decoding=\"async\" width=\"150\" height=\"150\" src=\"https:\/\/blog.lobosonda.com\/wp-content\/uploads\/2018\/06\/DSC_9832-150x150.jpg\" class=\"attachment-thumbnail size-thumbnail\" alt=\"\" srcset=\"https:\/\/blog.lobosonda.com\/wp-content\/uploads\/2018\/06\/DSC_9832-150x150.jpg 150w, https:\/\/blog.lobosonda.com\/wp-content\/uploads\/2018\/06\/DSC_9832-500x500.jpg 500w, https:\/\/blog.lobosonda.com\/wp-content\/uploads\/2018\/06\/DSC_9832-400x400.jpg 400w, https:\/\/blog.lobosonda.com\/wp-content\/uploads\/2018\/06\/DSC_9832-300x300.jpg 300w\" sizes=\"(max-width: 150px) 100vw, 150px\" \/><\/a>\n\t\t\t\t<\/dt><\/dl><dl class='gallery-item'>\n\t\t\t\t<dt class='gallery-icon landscape'>\n\t\t\t\t\t<a href='https:\/\/blog.lobosonda.com\/04-06-2018-die-dunklen-delfine\/dsc_9837\/'><img loading=\"lazy\" decoding=\"async\" width=\"150\" height=\"150\" src=\"https:\/\/blog.lobosonda.com\/wp-content\/uploads\/2018\/06\/DSC_9837-150x150.jpg\" class=\"attachment-thumbnail size-thumbnail\" alt=\"\" srcset=\"https:\/\/blog.lobosonda.com\/wp-content\/uploads\/2018\/06\/DSC_9837-150x150.jpg 150w, https:\/\/blog.lobosonda.com\/wp-content\/uploads\/2018\/06\/DSC_9837-500x500.jpg 500w, https:\/\/blog.lobosonda.com\/wp-content\/uploads\/2018\/06\/DSC_9837-400x400.jpg 400w, https:\/\/blog.lobosonda.com\/wp-content\/uploads\/2018\/06\/DSC_9837-300x300.jpg 300w\" sizes=\"(max-width: 150px) 100vw, 150px\" \/><\/a>\n\t\t\t\t<\/dt><\/dl><dl class='gallery-item'>\n\t\t\t\t<dt class='gallery-icon landscape'>\n\t\t\t\t\t<a href='https:\/\/blog.lobosonda.com\/04-06-2018-die-dunklen-delfine\/dsc_9852\/'><img loading=\"lazy\" decoding=\"async\" width=\"150\" height=\"150\" src=\"https:\/\/blog.lobosonda.com\/wp-content\/uploads\/2018\/06\/DSC_9852-150x150.jpg\" class=\"attachment-thumbnail size-thumbnail\" alt=\"\" srcset=\"https:\/\/blog.lobosonda.com\/wp-content\/uploads\/2018\/06\/DSC_9852-150x150.jpg 150w, https:\/\/blog.lobosonda.com\/wp-content\/uploads\/2018\/06\/DSC_9852-500x500.jpg 500w, https:\/\/blog.lobosonda.com\/wp-content\/uploads\/2018\/06\/DSC_9852-400x400.jpg 400w, https:\/\/blog.lobosonda.com\/wp-content\/uploads\/2018\/06\/DSC_9852-300x300.jpg 300w\" sizes=\"(max-width: 150px) 100vw, 150px\" \/><\/a>\n\t\t\t\t<\/dt><\/dl><br style=\"clear: both\" \/><dl class='gallery-item'>\n\t\t\t\t<dt class='gallery-icon landscape'>\n\t\t\t\t\t<a href='https:\/\/blog.lobosonda.com\/04-06-2018-die-dunklen-delfine\/dsc_9854\/'><img loading=\"lazy\" decoding=\"async\" width=\"150\" height=\"150\" src=\"https:\/\/blog.lobosonda.com\/wp-content\/uploads\/2018\/06\/DSC_9854-150x150.jpg\" class=\"attachment-thumbnail size-thumbnail\" alt=\"\" srcset=\"https:\/\/blog.lobosonda.com\/wp-content\/uploads\/2018\/06\/DSC_9854-150x150.jpg 150w, https:\/\/blog.lobosonda.com\/wp-content\/uploads\/2018\/06\/DSC_9854-500x500.jpg 500w, https:\/\/blog.lobosonda.com\/wp-content\/uploads\/2018\/06\/DSC_9854-400x400.jpg 400w, https:\/\/blog.lobosonda.com\/wp-content\/uploads\/2018\/06\/DSC_9854-300x300.jpg 300w\" sizes=\"(max-width: 150px) 100vw, 150px\" \/><\/a>\n\t\t\t\t<\/dt><\/dl>\n\t\t\t\t<br style='clear: both' \/>\n\t\t\t<\/div>\n\n<p style=\"text-align: justify;\">\n","protected":false},"excerpt":{"rendered":"<p>Unsere G\u00e4ste durften w\u00e4hrend der Tour heute Morgen eine Sichtung mit einem gro\u00dfem Tropischen Wal (Balaenoptera edeni) genie\u00dfen und hatten noch zus\u00e4tzlich eine Begenung mit einer<span class=\"excerpt-hellip\"> [\u2026]<\/span><\/p>\n","protected":false},"author":6,"featured_media":48590,"comment_status":"open","ping_status":"open","sticky":false,"template":"","format":"standard","meta":{"footnotes":"","_jetpack_memberships_contains_paid_content":false,"jetpack_publicize_message":"04.06.2018 - Die dunklen Delfine","jetpack_publicize_feature_enabled":true,"jetpack_social_post_already_shared":true,"jetpack_social_options":{"image_generator_settings":{"template":"highway","enabled":false},"version":2},"_wpscppro_dont_share_socialmedia":false,"_wpscppro_custom_social_share_image":0,"_facebook_share_type":"","_twitter_share_type":"","_linkedin_share_type":"","_pinterest_share_type":"","_linkedin_share_type_page":"","_instagram_share_type":"","_medium_share_type":"","_threads_share_type":"","_google_business_share_type":"","_selected_social_profile":[],"_wpsp_enable_custom_social_template":false,"_wpsp_social_scheduling":{"enabled":false,"datetime":null,"platforms":[],"status":"template_only","dateOption":"today","timeOption":"now","customDays":"","customHours":"","customDate":"","customTime":"","schedulingType":"absolute"},"_wpsp_active_default_template":true},"categories":[1862,1870,1844,1842,1884],"tags":[],"jetpack_publicize_connections":[],"yoast_head":"<!-- This site is optimized with the Yoast SEO plugin v23.4 - https:\/\/yoast.com\/wordpress\/plugins\/seo\/ -->\n<title>04.06.2018 - Die dunklen Delfine - Lobosonda | Whalewatching | Madeira<\/title>\n<meta name=\"robots\" content=\"index, follow, max-snippet:-1, max-image-preview:large, max-video-preview:-1\" \/>\n<link rel=\"canonical\" href=\"https:\/\/blog.lobosonda.com\/de\/04-06-2018-die-dunklen-delfine\/\" \/>\n<meta property=\"og:locale\" content=\"de_DE\" \/>\n<meta property=\"og:type\" content=\"article\" \/>\n<meta property=\"og:title\" content=\"04.06.2018 - Die dunklen Delfine - Lobosonda | Whalewatching | Madeira\" \/>\n<meta property=\"og:description\" content=\"Unsere G\u00e4ste durften w\u00e4hrend der Tour heute Morgen eine Sichtung mit einem gro\u00dfem Tropischen Wal (Balaenoptera edeni) genie\u00dfen und hatten noch zus\u00e4tzlich eine Begenung mit einer [\u2026]\" \/>\n<meta property=\"og:url\" content=\"https:\/\/blog.lobosonda.com\/de\/04-06-2018-die-dunklen-delfine\/\" \/>\n<meta property=\"og:site_name\" content=\"Lobosonda | Whalewatching | Madeira\" \/>\n<meta property=\"article:publisher\" content=\"https:\/\/www.facebook.com\/lobosonda\/\" \/>\n<meta property=\"article:published_time\" content=\"2018-06-17T18:00:04+00:00\" \/>\n<meta property=\"article:modified_time\" content=\"2018-06-13T08:32:47+00:00\" \/>\n<meta property=\"og:image\" content=\"https:\/\/blog.lobosonda.com\/wp-content\/uploads\/2018\/06\/DSC_9756.jpg\" \/>\n\t<meta property=\"og:image:width\" content=\"1500\" \/>\n\t<meta property=\"og:image:height\" content=\"998\" \/>\n\t<meta property=\"og:image:type\" content=\"image\/jpeg\" \/>\n<meta name=\"author\" content=\"Marlene Cabral\" \/>\n<meta name=\"twitter:card\" content=\"summary_large_image\" \/>\n<meta name=\"twitter:label1\" content=\"Verfasst von\" \/>\n\t<meta name=\"twitter:data1\" content=\"Marlene Cabral\" \/>\n\t<meta name=\"twitter:label2\" content=\"Gesch\u00e4tzte Lesezeit\" \/>\n\t<meta name=\"twitter:data2\" content=\"2\u00a0Minuten\" \/>\n<script type=\"application\/ld+json\" class=\"yoast-schema-graph\">{\"@context\":\"https:\/\/schema.org\",\"@graph\":[{\"@type\":\"Article\",\"@id\":\"https:\/\/blog.lobosonda.com\/de\/04-06-2018-die-dunklen-delfine\/#article\",\"isPartOf\":{\"@id\":\"https:\/\/blog.lobosonda.com\/de\/04-06-2018-die-dunklen-delfine\/\"},\"author\":{\"name\":\"Marlene Cabral\",\"@id\":\"https:\/\/blog.lobosonda.com\/de\/#\/schema\/person\/4176ca4440a9570d02999532754869a7\"},\"headline\":\"04.06.2018 &#8211; Die dunklen Delfine\",\"datePublished\":\"2018-06-17T18:00:04+00:00\",\"dateModified\":\"2018-06-13T08:32:47+00:00\",\"mainEntityOfPage\":{\"@id\":\"https:\/\/blog.lobosonda.com\/de\/04-06-2018-die-dunklen-delfine\/\"},\"wordCount\":317,\"commentCount\":0,\"publisher\":{\"@id\":\"https:\/\/blog.lobosonda.com\/de\/#organization\"},\"image\":{\"@id\":\"https:\/\/blog.lobosonda.com\/de\/04-06-2018-die-dunklen-delfine\/#primaryimage\"},\"thumbnailUrl\":\"https:\/\/blog.lobosonda.com\/wp-content\/uploads\/2018\/06\/DSC_9756.jpg\",\"articleSection\":[\"Brydewal\",\"Falsche Karettschildkr\u00f6te\",\"Gemeiner Delfin\",\"Gro\u00dfer T\u00fcmmler\",\"Ribeira Brava\"],\"inLanguage\":\"de\",\"potentialAction\":[{\"@type\":\"CommentAction\",\"name\":\"Comment\",\"target\":[\"https:\/\/blog.lobosonda.com\/de\/04-06-2018-die-dunklen-delfine\/#respond\"]}]},{\"@type\":\"WebPage\",\"@id\":\"https:\/\/blog.lobosonda.com\/de\/04-06-2018-die-dunklen-delfine\/\",\"url\":\"https:\/\/blog.lobosonda.com\/de\/04-06-2018-die-dunklen-delfine\/\",\"name\":\"04.06.2018 - Die dunklen Delfine - Lobosonda | Whalewatching | Madeira\",\"isPartOf\":{\"@id\":\"https:\/\/blog.lobosonda.com\/de\/#website\"},\"primaryImageOfPage\":{\"@id\":\"https:\/\/blog.lobosonda.com\/de\/04-06-2018-die-dunklen-delfine\/#primaryimage\"},\"image\":{\"@id\":\"https:\/\/blog.lobosonda.com\/de\/04-06-2018-die-dunklen-delfine\/#primaryimage\"},\"thumbnailUrl\":\"https:\/\/blog.lobosonda.com\/wp-content\/uploads\/2018\/06\/DSC_9756.jpg\",\"datePublished\":\"2018-06-17T18:00:04+00:00\",\"dateModified\":\"2018-06-13T08:32:47+00:00\",\"breadcrumb\":{\"@id\":\"https:\/\/blog.lobosonda.com\/de\/04-06-2018-die-dunklen-delfine\/#breadcrumb\"},\"inLanguage\":\"de\",\"potentialAction\":[{\"@type\":\"ReadAction\",\"target\":[\"https:\/\/blog.lobosonda.com\/de\/04-06-2018-die-dunklen-delfine\/\"]}]},{\"@type\":\"ImageObject\",\"inLanguage\":\"de\",\"@id\":\"https:\/\/blog.lobosonda.com\/de\/04-06-2018-die-dunklen-delfine\/#primaryimage\",\"url\":\"https:\/\/blog.lobosonda.com\/wp-content\/uploads\/2018\/06\/DSC_9756.jpg\",\"contentUrl\":\"https:\/\/blog.lobosonda.com\/wp-content\/uploads\/2018\/06\/DSC_9756.jpg\",\"width\":1500,\"height\":998},{\"@type\":\"BreadcrumbList\",\"@id\":\"https:\/\/blog.lobosonda.com\/de\/04-06-2018-die-dunklen-delfine\/#breadcrumb\",\"itemListElement\":[{\"@type\":\"ListItem\",\"position\":1,\"name\":\"Home\",\"item\":\"https:\/\/blog.lobosonda.com\/de\/\"},{\"@type\":\"ListItem\",\"position\":2,\"name\":\"04.06.2018 &#8211; Die dunklen Delfine\"}]},{\"@type\":\"WebSite\",\"@id\":\"https:\/\/blog.lobosonda.com\/de\/#website\",\"url\":\"https:\/\/blog.lobosonda.com\/de\/\",\"name\":\"Lobosonda | Whalewatching | Madeira\",\"description\":\"We stand for Water, Whales, Whale Watching, Whale conservation, Wellness and for Welcome. Lobosonda is a whale watching company respectful of all marine biodiversity operating in Madeira since 2003.\",\"publisher\":{\"@id\":\"https:\/\/blog.lobosonda.com\/de\/#organization\"},\"potentialAction\":[{\"@type\":\"SearchAction\",\"target\":{\"@type\":\"EntryPoint\",\"urlTemplate\":\"https:\/\/blog.lobosonda.com\/de\/?s={search_term_string}\"},\"query-input\":{\"@type\":\"PropertyValueSpecification\",\"valueRequired\":true,\"valueName\":\"search_term_string\"}}],\"inLanguage\":\"de\"},{\"@type\":\"Organization\",\"@id\":\"https:\/\/blog.lobosonda.com\/de\/#organization\",\"name\":\"LobosOnda.com\",\"url\":\"https:\/\/blog.lobosonda.com\/de\/\",\"logo\":{\"@type\":\"ImageObject\",\"inLanguage\":\"de\",\"@id\":\"https:\/\/blog.lobosonda.com\/de\/#\/schema\/logo\/image\/\",\"url\":\"https:\/\/www.lobosonda.com\/wp-content\/uploads\/2015\/04\/26167722_1853708551347437_4239983716863157418_n.jpg\",\"contentUrl\":\"https:\/\/www.lobosonda.com\/wp-content\/uploads\/2015\/04\/26167722_1853708551347437_4239983716863157418_n.jpg\",\"width\":480,\"height\":480,\"caption\":\"LobosOnda.com\"},\"image\":{\"@id\":\"https:\/\/blog.lobosonda.com\/de\/#\/schema\/logo\/image\/\"},\"sameAs\":[\"https:\/\/www.facebook.com\/lobosonda\/\",\"https:\/\/instagram.com\/lobosonda\/\",\"https:\/\/www.youtube.com\/user\/lobosonda\"]},{\"@type\":\"Person\",\"@id\":\"https:\/\/blog.lobosonda.com\/de\/#\/schema\/person\/4176ca4440a9570d02999532754869a7\",\"name\":\"Marlene Cabral\",\"image\":{\"@type\":\"ImageObject\",\"inLanguage\":\"de\",\"@id\":\"https:\/\/blog.lobosonda.com\/de\/#\/schema\/person\/image\/\",\"url\":\"https:\/\/secure.gravatar.com\/avatar\/3733cc2f4e56333c6fbd235bc306eabc?s=96&d=mm&r=g\",\"contentUrl\":\"https:\/\/secure.gravatar.com\/avatar\/3733cc2f4e56333c6fbd235bc306eabc?s=96&d=mm&r=g\",\"caption\":\"Marlene Cabral\"},\"url\":\"https:\/\/blog.lobosonda.com\/de\/author\/marlenecabral\/\"}]}<\/script>\n<!-- \/ Yoast SEO plugin. -->","yoast_head_json":{"title":"04.06.2018 - Die dunklen Delfine - Lobosonda | Whalewatching | Madeira","robots":{"index":"index","follow":"follow","max-snippet":"max-snippet:-1","max-image-preview":"max-image-preview:large","max-video-preview":"max-video-preview:-1"},"canonical":"https:\/\/blog.lobosonda.com\/de\/04-06-2018-die-dunklen-delfine\/","og_locale":"de_DE","og_type":"article","og_title":"04.06.2018 - Die dunklen Delfine - Lobosonda | Whalewatching | Madeira","og_description":"Unsere G\u00e4ste durften w\u00e4hrend der Tour heute Morgen eine Sichtung mit einem gro\u00dfem Tropischen Wal (Balaenoptera edeni) genie\u00dfen und hatten noch zus\u00e4tzlich eine Begenung mit einer [\u2026]","og_url":"https:\/\/blog.lobosonda.com\/de\/04-06-2018-die-dunklen-delfine\/","og_site_name":"Lobosonda | Whalewatching | Madeira","article_publisher":"https:\/\/www.facebook.com\/lobosonda\/","article_published_time":"2018-06-17T18:00:04+00:00","article_modified_time":"2018-06-13T08:32:47+00:00","og_image":[{"width":1500,"height":998,"url":"https:\/\/blog.lobosonda.com\/wp-content\/uploads\/2018\/06\/DSC_9756.jpg","type":"image\/jpeg"}],"author":"Marlene Cabral","twitter_card":"summary_large_image","twitter_misc":{"Verfasst von":"Marlene Cabral","Gesch\u00e4tzte Lesezeit":"2\u00a0Minuten"},"schema":{"@context":"https:\/\/schema.org","@graph":[{"@type":"Article","@id":"https:\/\/blog.lobosonda.com\/de\/04-06-2018-die-dunklen-delfine\/#article","isPartOf":{"@id":"https:\/\/blog.lobosonda.com\/de\/04-06-2018-die-dunklen-delfine\/"},"author":{"name":"Marlene Cabral","@id":"https:\/\/blog.lobosonda.com\/de\/#\/schema\/person\/4176ca4440a9570d02999532754869a7"},"headline":"04.06.2018 &#8211; Die dunklen Delfine","datePublished":"2018-06-17T18:00:04+00:00","dateModified":"2018-06-13T08:32:47+00:00","mainEntityOfPage":{"@id":"https:\/\/blog.lobosonda.com\/de\/04-06-2018-die-dunklen-delfine\/"},"wordCount":317,"commentCount":0,"publisher":{"@id":"https:\/\/blog.lobosonda.com\/de\/#organization"},"image":{"@id":"https:\/\/blog.lobosonda.com\/de\/04-06-2018-die-dunklen-delfine\/#primaryimage"},"thumbnailUrl":"https:\/\/blog.lobosonda.com\/wp-content\/uploads\/2018\/06\/DSC_9756.jpg","articleSection":["Brydewal","Falsche Karettschildkr\u00f6te","Gemeiner Delfin","Gro\u00dfer T\u00fcmmler","Ribeira Brava"],"inLanguage":"de","potentialAction":[{"@type":"CommentAction","name":"Comment","target":["https:\/\/blog.lobosonda.com\/de\/04-06-2018-die-dunklen-delfine\/#respond"]}]},{"@type":"WebPage","@id":"https:\/\/blog.lobosonda.com\/de\/04-06-2018-die-dunklen-delfine\/","url":"https:\/\/blog.lobosonda.com\/de\/04-06-2018-die-dunklen-delfine\/","name":"04.06.2018 - Die dunklen Delfine - Lobosonda | Whalewatching | Madeira","isPartOf":{"@id":"https:\/\/blog.lobosonda.com\/de\/#website"},"primaryImageOfPage":{"@id":"https:\/\/blog.lobosonda.com\/de\/04-06-2018-die-dunklen-delfine\/#primaryimage"},"image":{"@id":"https:\/\/blog.lobosonda.com\/de\/04-06-2018-die-dunklen-delfine\/#primaryimage"},"thumbnailUrl":"https:\/\/blog.lobosonda.com\/wp-content\/uploads\/2018\/06\/DSC_9756.jpg","datePublished":"2018-06-17T18:00:04+00:00","dateModified":"2018-06-13T08:32:47+00:00","breadcrumb":{"@id":"https:\/\/blog.lobosonda.com\/de\/04-06-2018-die-dunklen-delfine\/#breadcrumb"},"inLanguage":"de","potentialAction":[{"@type":"ReadAction","target":["https:\/\/blog.lobosonda.com\/de\/04-06-2018-die-dunklen-delfine\/"]}]},{"@type":"ImageObject","inLanguage":"de","@id":"https:\/\/blog.lobosonda.com\/de\/04-06-2018-die-dunklen-delfine\/#primaryimage","url":"https:\/\/blog.lobosonda.com\/wp-content\/uploads\/2018\/06\/DSC_9756.jpg","contentUrl":"https:\/\/blog.lobosonda.com\/wp-content\/uploads\/2018\/06\/DSC_9756.jpg","width":1500,"height":998},{"@type":"BreadcrumbList","@id":"https:\/\/blog.lobosonda.com\/de\/04-06-2018-die-dunklen-delfine\/#breadcrumb","itemListElement":[{"@type":"ListItem","position":1,"name":"Home","item":"https:\/\/blog.lobosonda.com\/de\/"},{"@type":"ListItem","position":2,"name":"04.06.2018 &#8211; Die dunklen Delfine"}]},{"@type":"WebSite","@id":"https:\/\/blog.lobosonda.com\/de\/#website","url":"https:\/\/blog.lobosonda.com\/de\/","name":"Lobosonda | Whalewatching | Madeira","description":"We stand for Water, Whales, Whale Watching, Whale conservation, Wellness and for Welcome. Lobosonda is a whale watching company respectful of all marine biodiversity operating in Madeira since 2003.","publisher":{"@id":"https:\/\/blog.lobosonda.com\/de\/#organization"},"potentialAction":[{"@type":"SearchAction","target":{"@type":"EntryPoint","urlTemplate":"https:\/\/blog.lobosonda.com\/de\/?s={search_term_string}"},"query-input":{"@type":"PropertyValueSpecification","valueRequired":true,"valueName":"search_term_string"}}],"inLanguage":"de"},{"@type":"Organization","@id":"https:\/\/blog.lobosonda.com\/de\/#organization","name":"LobosOnda.com","url":"https:\/\/blog.lobosonda.com\/de\/","logo":{"@type":"ImageObject","inLanguage":"de","@id":"https:\/\/blog.lobosonda.com\/de\/#\/schema\/logo\/image\/","url":"https:\/\/www.lobosonda.com\/wp-content\/uploads\/2015\/04\/26167722_1853708551347437_4239983716863157418_n.jpg","contentUrl":"https:\/\/www.lobosonda.com\/wp-content\/uploads\/2015\/04\/26167722_1853708551347437_4239983716863157418_n.jpg","width":480,"height":480,"caption":"LobosOnda.com"},"image":{"@id":"https:\/\/blog.lobosonda.com\/de\/#\/schema\/logo\/image\/"},"sameAs":["https:\/\/www.facebook.com\/lobosonda\/","https:\/\/instagram.com\/lobosonda\/","https:\/\/www.youtube.com\/user\/lobosonda"]},{"@type":"Person","@id":"https:\/\/blog.lobosonda.com\/de\/#\/schema\/person\/4176ca4440a9570d02999532754869a7","name":"Marlene Cabral","image":{"@type":"ImageObject","inLanguage":"de","@id":"https:\/\/blog.lobosonda.com\/de\/#\/schema\/person\/image\/","url":"https:\/\/secure.gravatar.com\/avatar\/3733cc2f4e56333c6fbd235bc306eabc?s=96&d=mm&r=g","contentUrl":"https:\/\/secure.gravatar.com\/avatar\/3733cc2f4e56333c6fbd235bc306eabc?s=96&d=mm&r=g","caption":"Marlene Cabral"},"url":"https:\/\/blog.lobosonda.com\/de\/author\/marlenecabral\/"}]}},"jetpack_featured_media_url":"https:\/\/blog.lobosonda.com\/wp-content\/uploads\/2018\/06\/DSC_9756.jpg","jetpack_sharing_enabled":true,"jetpack_likes_enabled":true,"_links":{"self":[{"href":"https:\/\/blog.lobosonda.com\/de\/wp-json\/wp\/v2\/posts\/48527"}],"collection":[{"href":"https:\/\/blog.lobosonda.com\/de\/wp-json\/wp\/v2\/posts"}],"about":[{"href":"https:\/\/blog.lobosonda.com\/de\/wp-json\/wp\/v2\/types\/post"}],"author":[{"embeddable":true,"href":"https:\/\/blog.lobosonda.com\/de\/wp-json\/wp\/v2\/users\/6"}],"replies":[{"embeddable":true,"href":"https:\/\/blog.lobosonda.com\/de\/wp-json\/wp\/v2\/comments?post=48527"}],"version-history":[{"count":0,"href":"https:\/\/blog.lobosonda.com\/de\/wp-json\/wp\/v2\/posts\/48527\/revisions"}],"wp:featuredmedia":[{"embeddable":true,"href":"https:\/\/blog.lobosonda.com\/de\/wp-json\/wp\/v2\/media\/48590"}],"wp:attachment":[{"href":"https:\/\/blog.lobosonda.com\/de\/wp-json\/wp\/v2\/media?parent=48527"}],"wp:term":[{"taxonomy":"category","embeddable":true,"href":"https:\/\/blog.lobosonda.com\/de\/wp-json\/wp\/v2\/categories?post=48527"},{"taxonomy":"post_tag","embeddable":true,"href":"https:\/\/blog.lobosonda.com\/de\/wp-json\/wp\/v2\/tags?post=48527"}],"curies":[{"name":"wp","href":"https:\/\/api.w.org\/{rel}","templated":true}]}}