{"id":48133,"date":"2018-06-04T19:00:29","date_gmt":"2018-06-04T18:00:29","guid":{"rendered":"https:\/\/www.lobosonda.com\/?p=48133\/"},"modified":"2018-05-29T16:26:19","modified_gmt":"2018-05-29T15:26:19","slug":"22-05-2018-wind-und-welle","status":"publish","type":"post","link":"https:\/\/blog.lobosonda.com\/de\/22-05-2018-wind-und-welle\/","title":{"rendered":"22.05.2018 \u2013 Wind und Welle"},"content":{"rendered":"<p style=\"text-align: justify;\"><span style=\"font-family: Georgia, Palatino; font-size: 12pt;\"><span style=\"color: #000000;\">Eine bewegte Fahrt mit einigen Gemeinen Delfinen <\/span><span style=\"color: #000000;\">(<\/span><span style=\"color: #222222;\"><i>Delphinus delphi<\/i><\/span><span style=\"color: #222222;\"><i>s<\/i><\/span><span style=\"color: #222222;\"><i>)<\/i><\/span><span style=\"color: #000000;\">, die ihre Freude <\/span><span style=\"color: #000000;\">in den<\/span><span style=\"color: #000000;\"> Wellen <\/span><span style=\"color: #000000;\">(<\/span><span style=\"color: #000000;\"><i>fluctus<\/i><\/span><span style=\"color: #000000;\">)<\/span><span style=\"color: #000000;\"> hatten, liegt hinter uns. <\/span><span style=\"color: #000000;\">Auch wir, auf der Ribeira Brava hatten es heute mit einem Wellenritt zu tun <\/span><span style=\"color: #000000;\">und f\u00fcr unsere G\u00e4ste war es nicht leicht, die Delfine zu beobachten.<\/span><\/span><\/p>\n<p style=\"text-align: justify;\"><span style=\"font-family: Georgia, Palatino; font-size: 12pt;\"><span style=\"color: #000000;\">Doch wie entsteht eigentlich eine Welle? Gezeiten, Wind, Meeresgrund, Str\u00f6mungen spielen bei der Bildung von Wellen eine wichtige Rolle. <\/span><span style=\"color: #000000;\">Doch Hauptverursacher ist der Wind. Wenn weit drau\u00dfen im Meer ein Tiefdruckgebiet entsteht, wirkt diese Kraft auf die Meeresoberfl\u00e4che ein. <\/span><\/span><\/p>\n<p style=\"text-align: justify;\"><span style=\"font-family: Georgia, Palatino; font-size: 12pt;\"><span style=\"color: #000000;\">Durch die Reibung werden einzelne Wasserteilchen in Bewegung gesetzt, die wiederum andere Wasserteilchen in Bewegung setzen, es entsteht eine Welle. <\/span><span style=\"color: #000000;\">In k\u00fcrzester Zeit werden <\/span><span style=\"color: #000000;\">Unmengen von Wasser in Bewegung gesetzt. Der Wind treibt die Welle vorw\u00e4rts; die Schwerkraft zieht die Welle ins Wellental und der n\u00e4chste Wellenberg entsteht. <\/span><span style=\"color: #000000;\">Zu Beginn dieser kraftvollen Dynamik herrscht jedoch erst einmal ein Wellenchaos. Unterschiedlich gro\u00dfe Wellen mit unterschiedlicher Geschwindigkeit, laufen in unterschiedliche Richtungen. Diese Situation wird <\/span><span style=\"color: #000000;\"><i>\u201cWindsee\u201d<\/i><\/span><span style=\"color: #000000;\"> genannt. Erst mit der Zeit kommt eine Ordnung ins Chaos, die Kraft des Windes konzentriert sich <\/span><span style=\"color: #000000;\">dann <\/span><span style=\"color: #000000;\">auf weniger Wellen und eine D\u00fcnung ensteht.<\/span><span style=\"color: #000000;\"> Die entstandenen Wellen transportieren die Kraft des Windes weiter.<\/span><\/span><\/p>\n<p style=\"text-align: justify;\"><span style=\"font-size: 12pt; font-family: Georgia, Palatino;\"><span style=\"color: #000000;\">Auch die Gezeiten haben einen speziellen Einflu\u00df auf die Welle, so brechen sich Wellen bei Ebbe deutlich weiter drau\u00dfen, als bei Flut. Warum ist das so? Da der Wasserspiegel bei Flut deutlich h\u00f6her ist, <\/span><span style=\"color: #000000;\">k<\/span><span style=\"color: #000000;\">ann die Welle l\u00e4nger laufen. <\/span><\/span><\/p>\n<p style=\"text-align: justify;\"><span style=\"font-size: 12pt; font-family: Georgia, Palatino;\"><span style=\"color: #000000;\">Aufgrund von <\/span><span style=\"color: #000000;\">Str\u00f6mung <\/span><span style=\"color: #000000;\">sind unsere <\/span><span style=\"color: #000000;\">Weltmeere immer in Bewegung. Durch <\/span><span style=\"color: #000000;\">diese Bewegung<\/span><span style=\"color: #000000;\"> k\u00f6nnen <\/span><span style=\"color: #000000;\">ebenfalls<\/span><span style=\"color: #000000;\"> Wellen entstehen. <\/span><span style=\"color: #000000;\">Die Wellen selbst nutzten <\/span><span style=\"color: #000000;\">zudem <\/span><span style=\"color: #000000;\">die Energie der Str\u00f6mung, um Wasser aufs Land zu dr\u00fccken. <\/span><\/span><\/p>\n<p style=\"text-align: justify;\"><span style=\"font-family: Georgia, Palatino; font-size: 12pt;\"><span style=\"color: #000000;\">Ver\u00e4nderungen der K\u00fcstenlandschaft oder des Meeresgrunds ver\u00e4ndert das Wellenverhalten.<\/span><span style=\"color: #000000;\"> Faktoren, wie Erdbeben oder unterseeische Vulkanausbr\u00fcche, die <\/span><span style=\"color: #000000;\">ebenfalls <\/span><span style=\"color: #000000;\">zur Wellenentstehung beitragen, lassen wir hier mal au\u00dfen <\/span><span style=\"color: #000000;\">vor<\/span><span style=\"color: #000000;\">.<\/span><\/span><\/p>\n<p style=\"text-align: justify;\"><span style=\"font-family: Georgia, Palatino; font-size: 12pt;\"><span style=\"color: #000000;\">N<\/span><span style=\"color: #000000;\">at\u00fcrlich ist klar, dass dieser Blog das interessante Thema Welle nur oberfl\u00e4chlich anrei\u00dft. Wie bei allem in der Natur existiert auch hier eine enorme Komplexit\u00e4t. Mal schauen, ob es noch mehr Stoff f\u00fcr 1-2-3 weitere Blogs gibt. \ud83d\ude42<\/span><\/span><\/p>\n<p style=\"text-align: right;\"><span style=\"font-family: Georgia, Palatino; font-size: 10pt;\"><i><span style=\"color: #000000;\">von Fatima Kutzschbach<\/span><\/i><\/span><\/p>\n<p style=\"text-align: justify;\"><em><strong><span style=\"font-family: Georgia, Palatino; font-size: 12pt;\"><u><span style=\"color: #000000;\">Sichtung des Tages<\/span><\/u><\/span><\/strong><\/em><\/p>\n<p style=\"text-align: justify;\"><span style=\"font-family: Georgia, Palatino; font-size: 12pt;\"><span style=\"color: #000000;\">Ribeira Brava<\/span><\/span><\/p>\n<p style=\"text-align: justify;\"><span style=\"font-family: Georgia, Palatino; font-size: 12pt;\"><span style=\"color: #000000;\"><strong>10:00<\/strong> Gemeine Delfine<\/span><\/span><\/p>\n\n\t\t\t<style type='text\/css'>\n\t\t\t\t#sc_gallery-8966 {\n\t\t\t\t\tmargin: auto;\n\t\t\t\t}\n\t\t\t\t#sc_gallery-8966 .gallery-item {\n\t\t\t\t\tfloat: left;\n\t\t\t\t\tmargin-top: 10px;\n\t\t\t\t\ttext-align: center;\n\t\t\t\t\twidth: 33.33%;\n\t\t\t\t}\n\t\t\t\t#sc_gallery-8966 img {\n\t\t\t\t\tborder: 2px solid #cfcfcf;\n\t\t\t\t}\n\t\t\t\t#sc_gallery-8966 .gallery-caption {\n\t\t\t\t\tmargin-left: 0;\n\t\t\t\t}\n\t\t\t\t\/* see sc_gallery() in functions\/theme-shortcodes.php *\/\n\t\t\t<\/style>\n\t\t<div id='sc_gallery-8966' class='gallery element_classes galleryid-48133 gallery-columns-3 gallery-size-thumbnail '><dl class='gallery-item'>\n\t\t\t\t<dt class='gallery-icon landscape'>\n\t\t\t\t\t<a href='https:\/\/blog.lobosonda.com\/22-05-2018-wind-und-welle\/dsc_7618-2\/'><img loading=\"lazy\" decoding=\"async\" width=\"150\" height=\"150\" src=\"https:\/\/blog.lobosonda.com\/wp-content\/uploads\/2018\/06\/DSC_7618-150x150.jpg\" class=\"attachment-thumbnail size-thumbnail\" alt=\"\" srcset=\"https:\/\/blog.lobosonda.com\/wp-content\/uploads\/2018\/06\/DSC_7618-150x150.jpg 150w, https:\/\/blog.lobosonda.com\/wp-content\/uploads\/2018\/06\/DSC_7618-500x500.jpg 500w, https:\/\/blog.lobosonda.com\/wp-content\/uploads\/2018\/06\/DSC_7618-400x400.jpg 400w, https:\/\/blog.lobosonda.com\/wp-content\/uploads\/2018\/06\/DSC_7618-300x300.jpg 300w\" sizes=\"(max-width: 150px) 100vw, 150px\" \/><\/a>\n\t\t\t\t<\/dt><\/dl><dl class='gallery-item'>\n\t\t\t\t<dt class='gallery-icon landscape'>\n\t\t\t\t\t<a href='https:\/\/blog.lobosonda.com\/22-05-2018-wind-und-welle\/dsc_9929-3\/'><img loading=\"lazy\" decoding=\"async\" width=\"150\" height=\"150\" src=\"https:\/\/blog.lobosonda.com\/wp-content\/uploads\/2018\/06\/DSC_9929-150x150.jpg\" class=\"attachment-thumbnail size-thumbnail\" alt=\"\" srcset=\"https:\/\/blog.lobosonda.com\/wp-content\/uploads\/2018\/06\/DSC_9929-150x150.jpg 150w, https:\/\/blog.lobosonda.com\/wp-content\/uploads\/2018\/06\/DSC_9929-500x500.jpg 500w, https:\/\/blog.lobosonda.com\/wp-content\/uploads\/2018\/06\/DSC_9929-400x400.jpg 400w, https:\/\/blog.lobosonda.com\/wp-content\/uploads\/2018\/06\/DSC_9929-300x300.jpg 300w\" sizes=\"(max-width: 150px) 100vw, 150px\" \/><\/a>\n\t\t\t\t<\/dt><\/dl><dl class='gallery-item'>\n\t\t\t\t<dt class='gallery-icon landscape'>\n\t\t\t\t\t<a href='https:\/\/blog.lobosonda.com\/28-02-2018-zwangsurlaub\/dsc_6030-logo1\/'><img loading=\"lazy\" decoding=\"async\" width=\"150\" height=\"150\" src=\"https:\/\/blog.lobosonda.com\/wp-content\/uploads\/2018\/03\/dsc_6030-logo1-150x150.jpg\" class=\"attachment-thumbnail size-thumbnail\" alt=\"\" srcset=\"https:\/\/blog.lobosonda.com\/wp-content\/uploads\/2018\/03\/dsc_6030-logo1-150x150.jpg 150w, https:\/\/blog.lobosonda.com\/wp-content\/uploads\/2018\/03\/dsc_6030-logo1-500x500.jpg 500w, https:\/\/blog.lobosonda.com\/wp-content\/uploads\/2018\/03\/dsc_6030-logo1-400x400.jpg 400w, https:\/\/blog.lobosonda.com\/wp-content\/uploads\/2018\/03\/dsc_6030-logo1-300x300.jpg 300w\" sizes=\"(max-width: 150px) 100vw, 150px\" \/><\/a>\n\t\t\t\t<\/dt><\/dl><br style=\"clear: both\" \/>\n\t\t\t<\/div>\n\n","protected":false},"excerpt":{"rendered":"<p>Eine bewegte Fahrt mit einigen Gemeinen Delfinen (Delphinus delphis), die ihre Freude in den Wellen (fluctus) hatten, liegt hinter uns. Auch wir, auf der Ribeira Brava<span class=\"excerpt-hellip\"> [\u2026]<\/span><\/p>\n","protected":false},"author":6,"featured_media":48230,"comment_status":"open","ping_status":"open","sticky":false,"template":"","format":"standard","meta":{"footnotes":"","_jetpack_memberships_contains_paid_content":false,"jetpack_publicize_message":"22.05.2018 \u2013 Wind und Welle","jetpack_publicize_feature_enabled":true,"jetpack_social_post_already_shared":true,"jetpack_social_options":{"image_generator_settings":{"template":"highway","enabled":false},"version":2},"_wpscppro_dont_share_socialmedia":false,"_wpscppro_custom_social_share_image":0,"_facebook_share_type":"","_twitter_share_type":"","_linkedin_share_type":"","_pinterest_share_type":"","_linkedin_share_type_page":"","_instagram_share_type":"","_medium_share_type":"","_threads_share_type":"","_google_business_share_type":"","_selected_social_profile":[],"_wpsp_enable_custom_social_template":false,"_wpsp_social_scheduling":{"enabled":false,"datetime":null,"platforms":[],"status":"template_only","dateOption":"today","timeOption":"now","customDays":"","customHours":"","customDate":"","customTime":"","schedulingType":"absolute"},"_wpsp_active_default_template":true},"categories":[1844,1884],"tags":[],"jetpack_publicize_connections":[],"yoast_head":"<!-- This site is optimized with the Yoast SEO plugin v23.4 - https:\/\/yoast.com\/wordpress\/plugins\/seo\/ -->\n<title>22.05.2018 \u2013 Wind und Welle - Lobosonda | Whalewatching | Madeira<\/title>\n<meta name=\"robots\" content=\"index, follow, max-snippet:-1, max-image-preview:large, max-video-preview:-1\" \/>\n<link rel=\"canonical\" href=\"https:\/\/blog.lobosonda.com\/de\/22-05-2018-wind-und-welle\/\" \/>\n<meta property=\"og:locale\" content=\"de_DE\" \/>\n<meta property=\"og:type\" content=\"article\" \/>\n<meta property=\"og:title\" content=\"22.05.2018 \u2013 Wind und Welle - Lobosonda | Whalewatching | Madeira\" \/>\n<meta property=\"og:description\" content=\"Eine bewegte Fahrt mit einigen Gemeinen Delfinen (Delphinus delphis), die ihre Freude in den Wellen (fluctus) hatten, liegt hinter uns. Auch wir, auf der Ribeira Brava [\u2026]\" \/>\n<meta property=\"og:url\" content=\"https:\/\/blog.lobosonda.com\/de\/22-05-2018-wind-und-welle\/\" \/>\n<meta property=\"og:site_name\" content=\"Lobosonda | Whalewatching | Madeira\" \/>\n<meta property=\"article:publisher\" content=\"https:\/\/www.facebook.com\/lobosonda\/\" \/>\n<meta property=\"article:published_time\" content=\"2018-06-04T18:00:29+00:00\" \/>\n<meta property=\"article:modified_time\" content=\"2018-05-29T15:26:19+00:00\" \/>\n<meta property=\"og:image\" content=\"https:\/\/blog.lobosonda.com\/wp-content\/uploads\/2018\/06\/DSC_9929.jpg\" \/>\n\t<meta property=\"og:image:width\" content=\"5568\" \/>\n\t<meta property=\"og:image:height\" content=\"3712\" \/>\n\t<meta property=\"og:image:type\" content=\"image\/jpeg\" \/>\n<meta name=\"author\" content=\"Marlene Cabral\" \/>\n<meta name=\"twitter:card\" content=\"summary_large_image\" \/>\n<meta name=\"twitter:label1\" content=\"Verfasst von\" \/>\n\t<meta name=\"twitter:data1\" content=\"Marlene Cabral\" \/>\n\t<meta name=\"twitter:label2\" content=\"Gesch\u00e4tzte Lesezeit\" \/>\n\t<meta name=\"twitter:data2\" content=\"2\u00a0Minuten\" \/>\n<script type=\"application\/ld+json\" class=\"yoast-schema-graph\">{\"@context\":\"https:\/\/schema.org\",\"@graph\":[{\"@type\":\"Article\",\"@id\":\"https:\/\/blog.lobosonda.com\/de\/22-05-2018-wind-und-welle\/#article\",\"isPartOf\":{\"@id\":\"https:\/\/blog.lobosonda.com\/de\/22-05-2018-wind-und-welle\/\"},\"author\":{\"name\":\"Marlene Cabral\",\"@id\":\"https:\/\/blog.lobosonda.com\/de\/#\/schema\/person\/4176ca4440a9570d02999532754869a7\"},\"headline\":\"22.05.2018 \u2013 Wind und Welle\",\"datePublished\":\"2018-06-04T18:00:29+00:00\",\"dateModified\":\"2018-05-29T15:26:19+00:00\",\"mainEntityOfPage\":{\"@id\":\"https:\/\/blog.lobosonda.com\/de\/22-05-2018-wind-und-welle\/\"},\"wordCount\":372,\"commentCount\":0,\"publisher\":{\"@id\":\"https:\/\/blog.lobosonda.com\/de\/#organization\"},\"image\":{\"@id\":\"https:\/\/blog.lobosonda.com\/de\/22-05-2018-wind-und-welle\/#primaryimage\"},\"thumbnailUrl\":\"https:\/\/blog.lobosonda.com\/wp-content\/uploads\/2018\/06\/DSC_9929.jpg\",\"articleSection\":[\"Gemeiner Delfin\",\"Ribeira Brava\"],\"inLanguage\":\"de\",\"potentialAction\":[{\"@type\":\"CommentAction\",\"name\":\"Comment\",\"target\":[\"https:\/\/blog.lobosonda.com\/de\/22-05-2018-wind-und-welle\/#respond\"]}]},{\"@type\":\"WebPage\",\"@id\":\"https:\/\/blog.lobosonda.com\/de\/22-05-2018-wind-und-welle\/\",\"url\":\"https:\/\/blog.lobosonda.com\/de\/22-05-2018-wind-und-welle\/\",\"name\":\"22.05.2018 \u2013 Wind und Welle - Lobosonda | Whalewatching | Madeira\",\"isPartOf\":{\"@id\":\"https:\/\/blog.lobosonda.com\/de\/#website\"},\"primaryImageOfPage\":{\"@id\":\"https:\/\/blog.lobosonda.com\/de\/22-05-2018-wind-und-welle\/#primaryimage\"},\"image\":{\"@id\":\"https:\/\/blog.lobosonda.com\/de\/22-05-2018-wind-und-welle\/#primaryimage\"},\"thumbnailUrl\":\"https:\/\/blog.lobosonda.com\/wp-content\/uploads\/2018\/06\/DSC_9929.jpg\",\"datePublished\":\"2018-06-04T18:00:29+00:00\",\"dateModified\":\"2018-05-29T15:26:19+00:00\",\"breadcrumb\":{\"@id\":\"https:\/\/blog.lobosonda.com\/de\/22-05-2018-wind-und-welle\/#breadcrumb\"},\"inLanguage\":\"de\",\"potentialAction\":[{\"@type\":\"ReadAction\",\"target\":[\"https:\/\/blog.lobosonda.com\/de\/22-05-2018-wind-und-welle\/\"]}]},{\"@type\":\"ImageObject\",\"inLanguage\":\"de\",\"@id\":\"https:\/\/blog.lobosonda.com\/de\/22-05-2018-wind-und-welle\/#primaryimage\",\"url\":\"https:\/\/blog.lobosonda.com\/wp-content\/uploads\/2018\/06\/DSC_9929.jpg\",\"contentUrl\":\"https:\/\/blog.lobosonda.com\/wp-content\/uploads\/2018\/06\/DSC_9929.jpg\",\"width\":5568,\"height\":3712},{\"@type\":\"BreadcrumbList\",\"@id\":\"https:\/\/blog.lobosonda.com\/de\/22-05-2018-wind-und-welle\/#breadcrumb\",\"itemListElement\":[{\"@type\":\"ListItem\",\"position\":1,\"name\":\"Home\",\"item\":\"https:\/\/blog.lobosonda.com\/de\/\"},{\"@type\":\"ListItem\",\"position\":2,\"name\":\"22.05.2018 \u2013 Wind und Welle\"}]},{\"@type\":\"WebSite\",\"@id\":\"https:\/\/blog.lobosonda.com\/de\/#website\",\"url\":\"https:\/\/blog.lobosonda.com\/de\/\",\"name\":\"Lobosonda | Whalewatching | Madeira\",\"description\":\"We stand for Water, Whales, Whale Watching, Whale conservation, Wellness and for Welcome. Lobosonda is a whale watching company respectful of all marine biodiversity operating in Madeira since 2003.\",\"publisher\":{\"@id\":\"https:\/\/blog.lobosonda.com\/de\/#organization\"},\"potentialAction\":[{\"@type\":\"SearchAction\",\"target\":{\"@type\":\"EntryPoint\",\"urlTemplate\":\"https:\/\/blog.lobosonda.com\/de\/?s={search_term_string}\"},\"query-input\":{\"@type\":\"PropertyValueSpecification\",\"valueRequired\":true,\"valueName\":\"search_term_string\"}}],\"inLanguage\":\"de\"},{\"@type\":\"Organization\",\"@id\":\"https:\/\/blog.lobosonda.com\/de\/#organization\",\"name\":\"LobosOnda.com\",\"url\":\"https:\/\/blog.lobosonda.com\/de\/\",\"logo\":{\"@type\":\"ImageObject\",\"inLanguage\":\"de\",\"@id\":\"https:\/\/blog.lobosonda.com\/de\/#\/schema\/logo\/image\/\",\"url\":\"https:\/\/www.lobosonda.com\/wp-content\/uploads\/2015\/04\/26167722_1853708551347437_4239983716863157418_n.jpg\",\"contentUrl\":\"https:\/\/www.lobosonda.com\/wp-content\/uploads\/2015\/04\/26167722_1853708551347437_4239983716863157418_n.jpg\",\"width\":480,\"height\":480,\"caption\":\"LobosOnda.com\"},\"image\":{\"@id\":\"https:\/\/blog.lobosonda.com\/de\/#\/schema\/logo\/image\/\"},\"sameAs\":[\"https:\/\/www.facebook.com\/lobosonda\/\",\"https:\/\/instagram.com\/lobosonda\/\",\"https:\/\/www.youtube.com\/user\/lobosonda\"]},{\"@type\":\"Person\",\"@id\":\"https:\/\/blog.lobosonda.com\/de\/#\/schema\/person\/4176ca4440a9570d02999532754869a7\",\"name\":\"Marlene Cabral\",\"image\":{\"@type\":\"ImageObject\",\"inLanguage\":\"de\",\"@id\":\"https:\/\/blog.lobosonda.com\/de\/#\/schema\/person\/image\/\",\"url\":\"https:\/\/secure.gravatar.com\/avatar\/3733cc2f4e56333c6fbd235bc306eabc?s=96&d=mm&r=g\",\"contentUrl\":\"https:\/\/secure.gravatar.com\/avatar\/3733cc2f4e56333c6fbd235bc306eabc?s=96&d=mm&r=g\",\"caption\":\"Marlene Cabral\"},\"url\":\"https:\/\/blog.lobosonda.com\/de\/author\/marlenecabral\/\"}]}<\/script>\n<!-- \/ Yoast SEO plugin. -->","yoast_head_json":{"title":"22.05.2018 \u2013 Wind und Welle - Lobosonda | Whalewatching | Madeira","robots":{"index":"index","follow":"follow","max-snippet":"max-snippet:-1","max-image-preview":"max-image-preview:large","max-video-preview":"max-video-preview:-1"},"canonical":"https:\/\/blog.lobosonda.com\/de\/22-05-2018-wind-und-welle\/","og_locale":"de_DE","og_type":"article","og_title":"22.05.2018 \u2013 Wind und Welle - Lobosonda | Whalewatching | Madeira","og_description":"Eine bewegte Fahrt mit einigen Gemeinen Delfinen (Delphinus delphis), die ihre Freude in den Wellen (fluctus) hatten, liegt hinter uns. Auch wir, auf der Ribeira Brava [\u2026]","og_url":"https:\/\/blog.lobosonda.com\/de\/22-05-2018-wind-und-welle\/","og_site_name":"Lobosonda | Whalewatching | Madeira","article_publisher":"https:\/\/www.facebook.com\/lobosonda\/","article_published_time":"2018-06-04T18:00:29+00:00","article_modified_time":"2018-05-29T15:26:19+00:00","og_image":[{"width":5568,"height":3712,"url":"https:\/\/blog.lobosonda.com\/wp-content\/uploads\/2018\/06\/DSC_9929.jpg","type":"image\/jpeg"}],"author":"Marlene Cabral","twitter_card":"summary_large_image","twitter_misc":{"Verfasst von":"Marlene Cabral","Gesch\u00e4tzte Lesezeit":"2\u00a0Minuten"},"schema":{"@context":"https:\/\/schema.org","@graph":[{"@type":"Article","@id":"https:\/\/blog.lobosonda.com\/de\/22-05-2018-wind-und-welle\/#article","isPartOf":{"@id":"https:\/\/blog.lobosonda.com\/de\/22-05-2018-wind-und-welle\/"},"author":{"name":"Marlene Cabral","@id":"https:\/\/blog.lobosonda.com\/de\/#\/schema\/person\/4176ca4440a9570d02999532754869a7"},"headline":"22.05.2018 \u2013 Wind und Welle","datePublished":"2018-06-04T18:00:29+00:00","dateModified":"2018-05-29T15:26:19+00:00","mainEntityOfPage":{"@id":"https:\/\/blog.lobosonda.com\/de\/22-05-2018-wind-und-welle\/"},"wordCount":372,"commentCount":0,"publisher":{"@id":"https:\/\/blog.lobosonda.com\/de\/#organization"},"image":{"@id":"https:\/\/blog.lobosonda.com\/de\/22-05-2018-wind-und-welle\/#primaryimage"},"thumbnailUrl":"https:\/\/blog.lobosonda.com\/wp-content\/uploads\/2018\/06\/DSC_9929.jpg","articleSection":["Gemeiner Delfin","Ribeira Brava"],"inLanguage":"de","potentialAction":[{"@type":"CommentAction","name":"Comment","target":["https:\/\/blog.lobosonda.com\/de\/22-05-2018-wind-und-welle\/#respond"]}]},{"@type":"WebPage","@id":"https:\/\/blog.lobosonda.com\/de\/22-05-2018-wind-und-welle\/","url":"https:\/\/blog.lobosonda.com\/de\/22-05-2018-wind-und-welle\/","name":"22.05.2018 \u2013 Wind und Welle - Lobosonda | Whalewatching | Madeira","isPartOf":{"@id":"https:\/\/blog.lobosonda.com\/de\/#website"},"primaryImageOfPage":{"@id":"https:\/\/blog.lobosonda.com\/de\/22-05-2018-wind-und-welle\/#primaryimage"},"image":{"@id":"https:\/\/blog.lobosonda.com\/de\/22-05-2018-wind-und-welle\/#primaryimage"},"thumbnailUrl":"https:\/\/blog.lobosonda.com\/wp-content\/uploads\/2018\/06\/DSC_9929.jpg","datePublished":"2018-06-04T18:00:29+00:00","dateModified":"2018-05-29T15:26:19+00:00","breadcrumb":{"@id":"https:\/\/blog.lobosonda.com\/de\/22-05-2018-wind-und-welle\/#breadcrumb"},"inLanguage":"de","potentialAction":[{"@type":"ReadAction","target":["https:\/\/blog.lobosonda.com\/de\/22-05-2018-wind-und-welle\/"]}]},{"@type":"ImageObject","inLanguage":"de","@id":"https:\/\/blog.lobosonda.com\/de\/22-05-2018-wind-und-welle\/#primaryimage","url":"https:\/\/blog.lobosonda.com\/wp-content\/uploads\/2018\/06\/DSC_9929.jpg","contentUrl":"https:\/\/blog.lobosonda.com\/wp-content\/uploads\/2018\/06\/DSC_9929.jpg","width":5568,"height":3712},{"@type":"BreadcrumbList","@id":"https:\/\/blog.lobosonda.com\/de\/22-05-2018-wind-und-welle\/#breadcrumb","itemListElement":[{"@type":"ListItem","position":1,"name":"Home","item":"https:\/\/blog.lobosonda.com\/de\/"},{"@type":"ListItem","position":2,"name":"22.05.2018 \u2013 Wind und Welle"}]},{"@type":"WebSite","@id":"https:\/\/blog.lobosonda.com\/de\/#website","url":"https:\/\/blog.lobosonda.com\/de\/","name":"Lobosonda | Whalewatching | Madeira","description":"We stand for Water, Whales, Whale Watching, Whale conservation, Wellness and for Welcome. Lobosonda is a whale watching company respectful of all marine biodiversity operating in Madeira since 2003.","publisher":{"@id":"https:\/\/blog.lobosonda.com\/de\/#organization"},"potentialAction":[{"@type":"SearchAction","target":{"@type":"EntryPoint","urlTemplate":"https:\/\/blog.lobosonda.com\/de\/?s={search_term_string}"},"query-input":{"@type":"PropertyValueSpecification","valueRequired":true,"valueName":"search_term_string"}}],"inLanguage":"de"},{"@type":"Organization","@id":"https:\/\/blog.lobosonda.com\/de\/#organization","name":"LobosOnda.com","url":"https:\/\/blog.lobosonda.com\/de\/","logo":{"@type":"ImageObject","inLanguage":"de","@id":"https:\/\/blog.lobosonda.com\/de\/#\/schema\/logo\/image\/","url":"https:\/\/www.lobosonda.com\/wp-content\/uploads\/2015\/04\/26167722_1853708551347437_4239983716863157418_n.jpg","contentUrl":"https:\/\/www.lobosonda.com\/wp-content\/uploads\/2015\/04\/26167722_1853708551347437_4239983716863157418_n.jpg","width":480,"height":480,"caption":"LobosOnda.com"},"image":{"@id":"https:\/\/blog.lobosonda.com\/de\/#\/schema\/logo\/image\/"},"sameAs":["https:\/\/www.facebook.com\/lobosonda\/","https:\/\/instagram.com\/lobosonda\/","https:\/\/www.youtube.com\/user\/lobosonda"]},{"@type":"Person","@id":"https:\/\/blog.lobosonda.com\/de\/#\/schema\/person\/4176ca4440a9570d02999532754869a7","name":"Marlene Cabral","image":{"@type":"ImageObject","inLanguage":"de","@id":"https:\/\/blog.lobosonda.com\/de\/#\/schema\/person\/image\/","url":"https:\/\/secure.gravatar.com\/avatar\/3733cc2f4e56333c6fbd235bc306eabc?s=96&d=mm&r=g","contentUrl":"https:\/\/secure.gravatar.com\/avatar\/3733cc2f4e56333c6fbd235bc306eabc?s=96&d=mm&r=g","caption":"Marlene Cabral"},"url":"https:\/\/blog.lobosonda.com\/de\/author\/marlenecabral\/"}]}},"jetpack_featured_media_url":"https:\/\/blog.lobosonda.com\/wp-content\/uploads\/2018\/06\/DSC_9929.jpg","jetpack_sharing_enabled":true,"jetpack_likes_enabled":true,"_links":{"self":[{"href":"https:\/\/blog.lobosonda.com\/de\/wp-json\/wp\/v2\/posts\/48133"}],"collection":[{"href":"https:\/\/blog.lobosonda.com\/de\/wp-json\/wp\/v2\/posts"}],"about":[{"href":"https:\/\/blog.lobosonda.com\/de\/wp-json\/wp\/v2\/types\/post"}],"author":[{"embeddable":true,"href":"https:\/\/blog.lobosonda.com\/de\/wp-json\/wp\/v2\/users\/6"}],"replies":[{"embeddable":true,"href":"https:\/\/blog.lobosonda.com\/de\/wp-json\/wp\/v2\/comments?post=48133"}],"version-history":[{"count":0,"href":"https:\/\/blog.lobosonda.com\/de\/wp-json\/wp\/v2\/posts\/48133\/revisions"}],"wp:featuredmedia":[{"embeddable":true,"href":"https:\/\/blog.lobosonda.com\/de\/wp-json\/wp\/v2\/media\/48230"}],"wp:attachment":[{"href":"https:\/\/blog.lobosonda.com\/de\/wp-json\/wp\/v2\/media?parent=48133"}],"wp:term":[{"taxonomy":"category","embeddable":true,"href":"https:\/\/blog.lobosonda.com\/de\/wp-json\/wp\/v2\/categories?post=48133"},{"taxonomy":"post_tag","embeddable":true,"href":"https:\/\/blog.lobosonda.com\/de\/wp-json\/wp\/v2\/tags?post=48133"}],"curies":[{"name":"wp","href":"https:\/\/api.w.org\/{rel}","templated":true}]}}