{"id":41423,"date":"2017-08-13T19:00:50","date_gmt":"2017-08-13T18:00:50","guid":{"rendered":"https:\/\/www.lobosonda.com\/?p=41423\/"},"modified":"2017-08-09T14:39:24","modified_gmt":"2017-08-09T13:39:24","slug":"05-08-2017-stenella-die-mit-den-flecken","status":"publish","type":"post","link":"https:\/\/blog.lobosonda.com\/de\/05-08-2017-stenella-die-mit-den-flecken\/","title":{"rendered":"05.08.2017 &#8211; Stenella &#8211; die mit den Flecken"},"content":{"rendered":"<p style=\"text-align: justify;\">Unsere Touren werden im Sommer t\u00e4glich bereichert von Schulen, der meistens temperamentvoll-st\u00fcrmischen Atlantischen Fleckendelfinen (Stenella frontalis). Oft kommen diese sch\u00f6nen Tiere nah an unsere Boote ran, surfen in der Bugwelle, zeigen ihre Sprungkraft und andere Kunstst\u00fcckchen. So auch wieder heute, wo wir sie auf allen drei Touren bewundern konnten.<\/p>\n<p style=\"text-align: justify;\">Atlantische Fleckendelfine geh\u00f6ren zur Delfin-Gattung <em>Stenella<\/em>, und haben ihr Zuhause im Atlantik. Ihren wissenschaftlichen Name haben sie 1866 von dem Zoologen J.E. Grey erhalten, der viele Delfinarten als erster beschrieben hat.<\/p>\n<p style=\"text-align: justify;\">Fleckendelfine allgemein bevorzugen w\u00e4rmere Meeresgebiete und sind in der Regel eher in tiefen Gew\u00e4ssern zu finden. Manchmal sammeln sie sich in Schulen mit \u00fcber tausend Tieren.<\/p>\n<p style=\"text-align: justify;\">Ihre Farbgebung kann ganz unterschiedlich sein. Je nach Art gibt es verschiedene Streifen- und Fleckenmuster.<\/p>\n<p style=\"text-align: justify;\">Auf Madeira sehen wir neben dem Atlantischen Fleckendelfin noch eine weitere Art der Stenella Gattung: den Blau-wei\u00dfen Delfin, auch als Streifendelfin bekannt (Stenella coeruleoalba).<\/p>\n<p style=\"text-align: justify;\">Weiter s\u00fcdlich im Atlantik (Breitengrad ab s\u00fcdlichem Marokko Richtung S\u00fcdatlantik) leben die Clymene Fleckendelfine (Stenella clymene), die sich auf den tropischen und subtropischen Atlantik beschr\u00e4nken. Auch im Stillen Ozean, dem (Ost)Pazifik gibt es Fleckendelfine, die Ostpazifischen Delfine, besser bekannt als Spinnerdelfin (Stenella longirostris). Weltweit zu finden ist zudem der Schlankdelfin, Stenella attenuata, der sein Zuhause in tropischen und subtropischen Gew\u00e4ssern hat.<\/p>\n<p style=\"text-align: right;\"><span style=\"font-size: 10pt;\"><em>von Astrid Haas<\/em><\/span><\/p>\n<p><em><strong><u>Sichtungen des Tages<\/u><\/strong><\/em>:<\/p>\n<p>Stenella<\/p>\n<p><strong>09.00<\/strong>: Atlantische Fleckendelfine und Gro\u00dfe T\u00fcmmler<\/p>\n<p>Ribeira Brava<\/p>\n<p><strong>10.00<\/strong>: Atlantische Fleckendelfine und Gro\u00dfe T\u00fcmmler, Meeresschildkr\u00f6te<\/p>\n<p><strong>15.00<\/strong>: Atlantische Fleckendelfine<\/p>\n\n\t\t\t<style type='text\/css'>\n\t\t\t\t#sc_gallery-5189 {\n\t\t\t\t\tmargin: auto;\n\t\t\t\t}\n\t\t\t\t#sc_gallery-5189 .gallery-item {\n\t\t\t\t\tfloat: left;\n\t\t\t\t\tmargin-top: 10px;\n\t\t\t\t\ttext-align: center;\n\t\t\t\t\twidth: 33.33%;\n\t\t\t\t}\n\t\t\t\t#sc_gallery-5189 img {\n\t\t\t\t\tborder: 2px solid #cfcfcf;\n\t\t\t\t}\n\t\t\t\t#sc_gallery-5189 .gallery-caption {\n\t\t\t\t\tmargin-left: 0;\n\t\t\t\t}\n\t\t\t\t\/* see sc_gallery() in functions\/theme-shortcodes.php *\/\n\t\t\t<\/style>\n\t\t<div id='sc_gallery-5189' class='gallery element_classes galleryid-41423 gallery-columns-3 gallery-size-thumbnail '><dl class='gallery-item'>\n\t\t\t\t<dt class='gallery-icon landscape'>\n\t\t\t\t\t<a href='https:\/\/blog.lobosonda.com\/05-08-2017-stenella-die-mit-den-flecken\/dsc_1311-2\/'><img loading=\"lazy\" decoding=\"async\" width=\"150\" height=\"150\" src=\"https:\/\/blog.lobosonda.com\/wp-content\/uploads\/2017\/08\/DSC_1311-150x150.jpg\" class=\"attachment-thumbnail size-thumbnail\" alt=\"\" srcset=\"https:\/\/blog.lobosonda.com\/wp-content\/uploads\/2017\/08\/DSC_1311-150x150.jpg 150w, https:\/\/blog.lobosonda.com\/wp-content\/uploads\/2017\/08\/DSC_1311-500x500.jpg 500w, https:\/\/blog.lobosonda.com\/wp-content\/uploads\/2017\/08\/DSC_1311-400x400.jpg 400w, https:\/\/blog.lobosonda.com\/wp-content\/uploads\/2017\/08\/DSC_1311-300x300.jpg 300w\" sizes=\"(max-width: 150px) 100vw, 150px\" \/><\/a>\n\t\t\t\t<\/dt><\/dl><dl class='gallery-item'>\n\t\t\t\t<dt class='gallery-icon landscape'>\n\t\t\t\t\t<a href='https:\/\/blog.lobosonda.com\/05-08-2017-stenella-die-mit-den-flecken\/dsc_1326-2\/'><img loading=\"lazy\" decoding=\"async\" width=\"150\" height=\"150\" src=\"https:\/\/blog.lobosonda.com\/wp-content\/uploads\/2017\/08\/DSC_1326-150x150.jpg\" class=\"attachment-thumbnail size-thumbnail\" alt=\"\" srcset=\"https:\/\/blog.lobosonda.com\/wp-content\/uploads\/2017\/08\/DSC_1326-150x150.jpg 150w, https:\/\/blog.lobosonda.com\/wp-content\/uploads\/2017\/08\/DSC_1326-500x500.jpg 500w, https:\/\/blog.lobosonda.com\/wp-content\/uploads\/2017\/08\/DSC_1326-400x400.jpg 400w, https:\/\/blog.lobosonda.com\/wp-content\/uploads\/2017\/08\/DSC_1326-300x300.jpg 300w\" sizes=\"(max-width: 150px) 100vw, 150px\" \/><\/a>\n\t\t\t\t<\/dt><\/dl><dl class='gallery-item'>\n\t\t\t\t<dt class='gallery-icon landscape'>\n\t\t\t\t\t<a href='https:\/\/blog.lobosonda.com\/05-08-2017-stenella-die-mit-den-flecken\/dsc_1344-5\/'><img loading=\"lazy\" decoding=\"async\" width=\"150\" height=\"150\" src=\"https:\/\/blog.lobosonda.com\/wp-content\/uploads\/2017\/08\/DSC_1344-150x150.jpg\" class=\"attachment-thumbnail size-thumbnail\" alt=\"\" srcset=\"https:\/\/blog.lobosonda.com\/wp-content\/uploads\/2017\/08\/DSC_1344-150x150.jpg 150w, https:\/\/blog.lobosonda.com\/wp-content\/uploads\/2017\/08\/DSC_1344-500x500.jpg 500w, https:\/\/blog.lobosonda.com\/wp-content\/uploads\/2017\/08\/DSC_1344-400x400.jpg 400w, https:\/\/blog.lobosonda.com\/wp-content\/uploads\/2017\/08\/DSC_1344-300x300.jpg 300w\" sizes=\"(max-width: 150px) 100vw, 150px\" \/><\/a>\n\t\t\t\t<\/dt><\/dl><br style=\"clear: both\" \/><dl class='gallery-item'>\n\t\t\t\t<dt class='gallery-icon landscape'>\n\t\t\t\t\t<a href='https:\/\/blog.lobosonda.com\/05-08-2017-stenella-die-mit-den-flecken\/dsc_1384-4\/'><img loading=\"lazy\" decoding=\"async\" width=\"150\" height=\"150\" src=\"https:\/\/blog.lobosonda.com\/wp-content\/uploads\/2017\/08\/DSC_1384-150x150.jpg\" class=\"attachment-thumbnail size-thumbnail\" alt=\"\" srcset=\"https:\/\/blog.lobosonda.com\/wp-content\/uploads\/2017\/08\/DSC_1384-150x150.jpg 150w, https:\/\/blog.lobosonda.com\/wp-content\/uploads\/2017\/08\/DSC_1384-500x500.jpg 500w, https:\/\/blog.lobosonda.com\/wp-content\/uploads\/2017\/08\/DSC_1384-400x400.jpg 400w, https:\/\/blog.lobosonda.com\/wp-content\/uploads\/2017\/08\/DSC_1384-300x300.jpg 300w\" sizes=\"(max-width: 150px) 100vw, 150px\" \/><\/a>\n\t\t\t\t<\/dt><\/dl><dl class='gallery-item'>\n\t\t\t\t<dt class='gallery-icon landscape'>\n\t\t\t\t\t<a href='https:\/\/blog.lobosonda.com\/05-08-2017-stenella-die-mit-den-flecken\/dsc_4305\/'><img loading=\"lazy\" decoding=\"async\" width=\"150\" height=\"150\" src=\"https:\/\/blog.lobosonda.com\/wp-content\/uploads\/2017\/08\/DSC_4305-150x150.jpg\" class=\"attachment-thumbnail size-thumbnail\" alt=\"\" srcset=\"https:\/\/blog.lobosonda.com\/wp-content\/uploads\/2017\/08\/DSC_4305-150x150.jpg 150w, https:\/\/blog.lobosonda.com\/wp-content\/uploads\/2017\/08\/DSC_4305-500x500.jpg 500w, https:\/\/blog.lobosonda.com\/wp-content\/uploads\/2017\/08\/DSC_4305-400x400.jpg 400w, https:\/\/blog.lobosonda.com\/wp-content\/uploads\/2017\/08\/DSC_4305-300x300.jpg 300w\" sizes=\"(max-width: 150px) 100vw, 150px\" \/><\/a>\n\t\t\t\t<\/dt><\/dl><dl class='gallery-item'>\n\t\t\t\t<dt class='gallery-icon landscape'>\n\t\t\t\t\t<a href='https:\/\/blog.lobosonda.com\/05-08-2017-stenella-die-mit-den-flecken\/dsc_4336-3\/'><img loading=\"lazy\" decoding=\"async\" width=\"150\" height=\"150\" src=\"https:\/\/blog.lobosonda.com\/wp-content\/uploads\/2017\/08\/DSC_4336-150x150.jpg\" class=\"attachment-thumbnail size-thumbnail\" alt=\"\" srcset=\"https:\/\/blog.lobosonda.com\/wp-content\/uploads\/2017\/08\/DSC_4336-150x150.jpg 150w, https:\/\/blog.lobosonda.com\/wp-content\/uploads\/2017\/08\/DSC_4336-500x500.jpg 500w, https:\/\/blog.lobosonda.com\/wp-content\/uploads\/2017\/08\/DSC_4336-400x400.jpg 400w, https:\/\/blog.lobosonda.com\/wp-content\/uploads\/2017\/08\/DSC_4336-300x300.jpg 300w\" sizes=\"(max-width: 150px) 100vw, 150px\" \/><\/a>\n\t\t\t\t<\/dt><\/dl><br style=\"clear: both\" \/><dl class='gallery-item'>\n\t\t\t\t<dt class='gallery-icon landscape'>\n\t\t\t\t\t<a href='https:\/\/blog.lobosonda.com\/05-08-2017-stenella-die-mit-den-flecken\/dsc_4344\/'><img loading=\"lazy\" decoding=\"async\" width=\"150\" height=\"150\" src=\"https:\/\/blog.lobosonda.com\/wp-content\/uploads\/2017\/08\/DSC_4344-150x150.jpg\" class=\"attachment-thumbnail size-thumbnail\" alt=\"\" srcset=\"https:\/\/blog.lobosonda.com\/wp-content\/uploads\/2017\/08\/DSC_4344-150x150.jpg 150w, https:\/\/blog.lobosonda.com\/wp-content\/uploads\/2017\/08\/DSC_4344-500x500.jpg 500w, https:\/\/blog.lobosonda.com\/wp-content\/uploads\/2017\/08\/DSC_4344-400x400.jpg 400w, https:\/\/blog.lobosonda.com\/wp-content\/uploads\/2017\/08\/DSC_4344-300x300.jpg 300w\" sizes=\"(max-width: 150px) 100vw, 150px\" \/><\/a>\n\t\t\t\t<\/dt><\/dl><dl class='gallery-item'>\n\t\t\t\t<dt class='gallery-icon landscape'>\n\t\t\t\t\t<a href='https:\/\/blog.lobosonda.com\/05-08-2017-stenella-die-mit-den-flecken\/dsc_4352-2\/'><img loading=\"lazy\" decoding=\"async\" width=\"150\" height=\"150\" src=\"https:\/\/blog.lobosonda.com\/wp-content\/uploads\/2017\/08\/DSC_4352-150x150.jpg\" class=\"attachment-thumbnail size-thumbnail\" alt=\"\" srcset=\"https:\/\/blog.lobosonda.com\/wp-content\/uploads\/2017\/08\/DSC_4352-150x150.jpg 150w, https:\/\/blog.lobosonda.com\/wp-content\/uploads\/2017\/08\/DSC_4352-500x500.jpg 500w, https:\/\/blog.lobosonda.com\/wp-content\/uploads\/2017\/08\/DSC_4352-400x400.jpg 400w, https:\/\/blog.lobosonda.com\/wp-content\/uploads\/2017\/08\/DSC_4352-300x300.jpg 300w\" sizes=\"(max-width: 150px) 100vw, 150px\" \/><\/a>\n\t\t\t\t<\/dt><\/dl><dl class='gallery-item'>\n\t\t\t\t<dt class='gallery-icon landscape'>\n\t\t\t\t\t<a href='https:\/\/blog.lobosonda.com\/05-08-2017-stenella-die-mit-den-flecken\/dsc_4400-2\/'><img loading=\"lazy\" decoding=\"async\" width=\"150\" height=\"150\" src=\"https:\/\/blog.lobosonda.com\/wp-content\/uploads\/2017\/08\/DSC_4400-150x150.jpg\" class=\"attachment-thumbnail size-thumbnail\" alt=\"\" srcset=\"https:\/\/blog.lobosonda.com\/wp-content\/uploads\/2017\/08\/DSC_4400-150x150.jpg 150w, https:\/\/blog.lobosonda.com\/wp-content\/uploads\/2017\/08\/DSC_4400-500x500.jpg 500w, https:\/\/blog.lobosonda.com\/wp-content\/uploads\/2017\/08\/DSC_4400-400x400.jpg 400w, https:\/\/blog.lobosonda.com\/wp-content\/uploads\/2017\/08\/DSC_4400-300x300.jpg 300w\" sizes=\"(max-width: 150px) 100vw, 150px\" \/><\/a>\n\t\t\t\t<\/dt><\/dl><br style=\"clear: both\" \/><dl class='gallery-item'>\n\t\t\t\t<dt class='gallery-icon landscape'>\n\t\t\t\t\t<a href='https:\/\/blog.lobosonda.com\/05-08-2017-stenella-die-mit-den-flecken\/dsc_4403\/'><img loading=\"lazy\" decoding=\"async\" width=\"150\" height=\"150\" src=\"https:\/\/blog.lobosonda.com\/wp-content\/uploads\/2017\/08\/DSC_4403-150x150.jpg\" class=\"attachment-thumbnail size-thumbnail\" alt=\"\" srcset=\"https:\/\/blog.lobosonda.com\/wp-content\/uploads\/2017\/08\/DSC_4403-150x150.jpg 150w, https:\/\/blog.lobosonda.com\/wp-content\/uploads\/2017\/08\/DSC_4403-500x500.jpg 500w, https:\/\/blog.lobosonda.com\/wp-content\/uploads\/2017\/08\/DSC_4403-400x400.jpg 400w, https:\/\/blog.lobosonda.com\/wp-content\/uploads\/2017\/08\/DSC_4403-300x300.jpg 300w\" sizes=\"(max-width: 150px) 100vw, 150px\" \/><\/a>\n\t\t\t\t<\/dt><\/dl>\n\t\t\t\t<br style='clear: both' \/>\n\t\t\t<\/div>\n\n<p><span style=\"border-top-left-radius: 2px; border-top-right-radius: 2px; border-bottom-right-radius: 2px; border-bottom-left-radius: 2px; text-indent: 20px; width: auto; padding: 0px 4px 0px 0px; text-align: center; font-style: normal; font-variant-caps: normal; font-weight: bold; font-size: 11px; line-height: 20px; font-family: 'Helvetica Neue', Helvetica, sans-serif; color: #ffffff; background-image: url(data:image\/svg+xml; base64,phn2zyb4bwxucz0iahr0cdovl3d3dy53my5vcmcvmjawmc9zdmciighlawdodd0imzbwecigd2lkdgg9ijmwchgiihzpzxdcb3g9ii0xic0xidmxidmxij48zz48cgf0acbkpsjnmjkundq5lde0ljy2mibdmjkundq5ldiyljcymiaymi44njgsmjkumju2ide0ljc1ldi5lji1nibdni42mzismjkumju2idaumduxldiyljcymiawlja1mswxnc42njigqzaumduxldyunjaxidyunjmyldaumdy3ide0ljc1ldaumdy3iemymi44njgsmc4wnjcgmjkundq5ldyunjaxidi5ljq0oswxnc42njiiigzpbgw9iinmzmyiihn0cm9rzt0ii2zmziigc3ryb2tllxdpzhropsixij48l3bhdgg+phbhdgggzd0itte0ljczmywxljy4nibdny41mtysms42odygms42njusny40otugms42njusmtqunjyyiemxljy2nswymc4xntkgns4xmdksmjquodu0idkuotcsmjyunzq0iem5ljg1niwyns43mtggos43ntmsmjqumtqzidewljaxniwymy4wmjigqzewlji1mywymi4wmsaxms41ndgsmtyuntcyidexlju0ocwxni41nzigqzexlju0ocwxni41nzigmteumtu3lde1ljc5nsaxms4xntcsmtqunjq2iemxms4xntcsmtiuodqyideyljixmswxms40otugmtmuntiyldexljq5nsbdmtqunjm3ldexljq5nsaxns4xnzusmtiumzi2ide1lje3nswxmy4zmjmgqze1lje3nswxnc40mzygmtqundyylde2ljegmtqumdkzlde3ljy0mybdmtmunzg1lde4ljkznsaxnc43ndusmtkuotg4ide2ljayocwxos45odggqze4ljm1mswxos45odggmjaumtm2lde3lju1niaymc4xmzysmtqumdq2iemymc4xmzysmtauotm5ide3ljg4ocw4ljc2nyaxnc42nzgsoc43njcgqzewljk1osw4ljc2nya4ljc3nywxms41mzygoc43nzcsmtqumzk4iem4ljc3nywxns41mtmgos4ymswxni43mdkgos43ndksmtcumzu5iem5ljg1niwxny40odggos44nzismtcunia5ljg0lde3ljczmsbdos43ndesmtgumtqxidkuntismtkumdizidkundc3lde5ljiwmybdos40miwxos40nca5lji4ocwxos40otegos4wncwxos4znzygqzcunda4lde4ljyymia2ljm4nywxni4yntigni4zodcsmtqumzq5iem2ljm4nywxmc4yntygos4zodmsni40otcgmtuumdiyldyundk3iemxos41ntusni40otcgmjmumdc4ldkunza1idizlja3ocwxmy45otegqzizlja3ocwxoc40njmgmjaumjm5ldiylja2miaxni4yotcsmjiumdyyiemxnc45nzmsmjiumdyyidezljcyocwyms4znzkgmtmumzayldiwlju3mibdmtmumzayldiwlju3miaxmi42ndcsmjmumdugmtiundg4ldizljy1nybdmtiumtkzldi0ljc4ncaxms4zotysmjyumtk2idewljg2mywyny4wntggqzeylja4niwyny40mzqgmtmumzg2ldi3ljyznyaxnc43mzmsmjcunjm3iemyms45nswyny42mzcgmjcuodaxldixljgyocayny44mdesmtqunjyyiemyny44mdesny40otugmjeuotusms42odygmtqunzmzldeunjg2iibmawxspsijymqwodfjij48l3bhdgg+pc9npjwvc3znpg==); background-size: 14px 14px; background-color: #bd081c; position: absolute; opacity: 1; z-index: 8675309; display: none; cursor: pointer; border: none; -webkit-font-smoothing: antialiased; background-position: 3px 50%; background-repeat: no-repeat no-repeat;\">Save<\/span><span style=\"border-top-left-radius: 2px; border-top-right-radius: 2px; border-bottom-right-radius: 2px; border-bottom-left-radius: 2px; text-indent: 20px; width: auto; padding: 0px 4px 0px 0px; text-align: center; font-style: normal; font-variant-caps: normal; font-weight: bold; font-size: 11px; line-height: 20px; font-family: 'Helvetica Neue', Helvetica, sans-serif; color: #ffffff; background-image: url(data:image\/svg+xml; base64,phn2zyb4bwxucz0iahr0cdovl3d3dy53my5vcmcvmjawmc9zdmciighlawdodd0imzbwecigd2lkdgg9ijmwchgiihzpzxdcb3g9ii0xic0xidmxidmxij48zz48cgf0acbkpsjnmjkundq5lde0ljy2mibdmjkundq5ldiyljcymiaymi44njgsmjkumju2ide0ljc1ldi5lji1nibdni42mzismjkumju2idaumduxldiyljcymiawlja1mswxnc42njigqzaumduxldyunjaxidyunjmyldaumdy3ide0ljc1ldaumdy3iemymi44njgsmc4wnjcgmjkundq5ldyunjaxidi5ljq0oswxnc42njiiigzpbgw9iinmzmyiihn0cm9rzt0ii2zmziigc3ryb2tllxdpzhropsixij48l3bhdgg+phbhdgggzd0itte0ljczmywxljy4nibdny41mtysms42odygms42njusny40otugms42njusmtqunjyyiemxljy2nswymc4xntkgns4xmdksmjquodu0idkuotcsmjyunzq0iem5ljg1niwyns43mtggos43ntmsmjqumtqzidewljaxniwymy4wmjigqzewlji1mywymi4wmsaxms41ndgsmtyuntcyidexlju0ocwxni41nzigqzexlju0ocwxni41nzigmteumtu3lde1ljc5nsaxms4xntcsmtqunjq2iemxms4xntcsmtiuodqyideyljixmswxms40otugmtmuntiyldexljq5nsbdmtqunjm3ldexljq5nsaxns4xnzusmtiumzi2ide1lje3nswxmy4zmjmgqze1lje3nswxnc40mzygmtqundyylde2ljegmtqumdkzlde3ljy0mybdmtmunzg1lde4ljkznsaxnc43ndusmtkuotg4ide2ljayocwxos45odggqze4ljm1mswxos45odggmjaumtm2lde3lju1niaymc4xmzysmtqumdq2iemymc4xmzysmtauotm5ide3ljg4ocw4ljc2nyaxnc42nzgsoc43njcgqzewljk1osw4ljc2nya4ljc3nywxms41mzygoc43nzcsmtqumzk4iem4ljc3nywxns41mtmgos4ymswxni43mdkgos43ndksmtcumzu5iem5ljg1niwxny40odggos44nzismtcunia5ljg0lde3ljczmsbdos43ndesmtgumtqxidkuntismtkumdizidkundc3lde5ljiwmybdos40miwxos40nca5lji4ocwxos40otegos4wncwxos4znzygqzcunda4lde4ljyymia2ljm4nywxni4yntigni4zodcsmtqumzq5iem2ljm4nywxmc4yntygos4zodmsni40otcgmtuumdiyldyundk3iemxos41ntusni40otcgmjmumdc4ldkunza1idizlja3ocwxmy45otegqzizlja3ocwxoc40njmgmjaumjm5ldiylja2miaxni4yotcsmjiumdyyiemxnc45nzmsmjiumdyyidezljcyocwyms4znzkgmtmumzayldiwlju3mibdmtmumzayldiwlju3miaxmi42ndcsmjmumdugmtiundg4ldizljy1nybdmtiumtkzldi0ljc4ncaxms4zotysmjyumtk2idewljg2mywyny4wntggqzeylja4niwyny40mzqgmtmumzg2ldi3ljyznyaxnc43mzmsmjcunjm3iemyms45nswyny42mzcgmjcuodaxldixljgyocayny44mdesmtqunjyyiemyny44mdesny40otugmjeuotusms42odygmtqunzmzldeunjg2iibmawxspsijymqwodfjij48l3bhdgg+pc9npjwvc3znpg==); background-size: 14px 14px; background-color: #bd081c; position: absolute; opacity: 1; z-index: 8675309; display: none; cursor: pointer; border: none; -webkit-font-smoothing: antialiased; background-position: 3px 50%; background-repeat: no-repeat no-repeat;\">Save<\/span><\/p>\n","protected":false},"excerpt":{"rendered":"<p>Unsere Touren werden im Sommer t\u00e4glich bereichert von Schulen, der meistens temperamentvoll-st\u00fcrmischen Atlantischen Fleckendelfinen (Stenella frontalis). Oft kommen diese sch\u00f6nen Tiere nah an unsere Boote ran,<span class=\"excerpt-hellip\"> [\u2026]<\/span><\/p>\n","protected":false},"author":4,"featured_media":41395,"comment_status":"open","ping_status":"open","sticky":false,"template":"","format":"standard","meta":{"footnotes":"","_jetpack_memberships_contains_paid_content":false,"jetpack_publicize_message":"05.08.2017 - Stenella - die mit den Flecken","jetpack_publicize_feature_enabled":true,"jetpack_social_post_already_shared":true,"jetpack_social_options":{"image_generator_settings":{"template":"highway","enabled":false},"version":2},"_wpscppro_dont_share_socialmedia":false,"_wpscppro_custom_social_share_image":0,"_facebook_share_type":"","_twitter_share_type":"","_linkedin_share_type":"","_pinterest_share_type":"","_linkedin_share_type_page":"","_instagram_share_type":"","_medium_share_type":"","_threads_share_type":"","_google_business_share_type":"","_selected_social_profile":[],"_wpsp_enable_custom_social_template":false,"_wpsp_social_scheduling":{"enabled":false,"datetime":null,"platforms":[],"status":"template_only","dateOption":"today","timeOption":"now","customDays":"","customHours":"","customDate":"","customTime":"","schedulingType":"absolute"},"_wpsp_active_default_template":true},"categories":[1837,1870,1846,1842,1867],"tags":[],"jetpack_publicize_connections":[],"yoast_head":"<!-- This site is optimized with the Yoast SEO plugin v23.4 - https:\/\/yoast.com\/wordpress\/plugins\/seo\/ -->\n<title>05.08.2017 - Stenella - die mit den Flecken - Lobosonda | Whalewatching | Madeira<\/title>\n<meta name=\"robots\" content=\"index, follow, max-snippet:-1, max-image-preview:large, max-video-preview:-1\" \/>\n<link rel=\"canonical\" href=\"https:\/\/blog.lobosonda.com\/de\/05-08-2017-stenella-die-mit-den-flecken\/\" \/>\n<meta property=\"og:locale\" content=\"de_DE\" \/>\n<meta property=\"og:type\" content=\"article\" \/>\n<meta property=\"og:title\" content=\"05.08.2017 - Stenella - die mit den Flecken - Lobosonda | Whalewatching | Madeira\" \/>\n<meta property=\"og:description\" content=\"Unsere Touren werden im Sommer t\u00e4glich bereichert von Schulen, der meistens temperamentvoll-st\u00fcrmischen Atlantischen Fleckendelfinen (Stenella frontalis). Oft kommen diese sch\u00f6nen Tiere nah an unsere Boote ran, [\u2026]\" \/>\n<meta property=\"og:url\" content=\"https:\/\/blog.lobosonda.com\/de\/05-08-2017-stenella-die-mit-den-flecken\/\" \/>\n<meta property=\"og:site_name\" content=\"Lobosonda | Whalewatching | Madeira\" \/>\n<meta property=\"article:publisher\" content=\"https:\/\/www.facebook.com\/lobosonda\/\" \/>\n<meta property=\"article:published_time\" content=\"2017-08-13T18:00:50+00:00\" \/>\n<meta property=\"article:modified_time\" content=\"2017-08-09T13:39:24+00:00\" \/>\n<meta property=\"og:image\" content=\"https:\/\/blog.lobosonda.com\/wp-content\/uploads\/2017\/08\/DSC_1311.jpg\" \/>\n\t<meta property=\"og:image:width\" content=\"1599\" \/>\n\t<meta property=\"og:image:height\" content=\"1066\" \/>\n\t<meta property=\"og:image:type\" content=\"image\/jpeg\" \/>\n<meta name=\"author\" content=\"lobosonda\" \/>\n<meta name=\"twitter:card\" content=\"summary_large_image\" \/>\n<meta name=\"twitter:label1\" content=\"Verfasst von\" \/>\n\t<meta name=\"twitter:data1\" content=\"lobosonda\" \/>\n\t<meta name=\"twitter:label2\" content=\"Gesch\u00e4tzte Lesezeit\" \/>\n\t<meta name=\"twitter:data2\" content=\"1\u00a0Minute\" \/>\n<script type=\"application\/ld+json\" class=\"yoast-schema-graph\">{\"@context\":\"https:\/\/schema.org\",\"@graph\":[{\"@type\":\"Article\",\"@id\":\"https:\/\/blog.lobosonda.com\/de\/05-08-2017-stenella-die-mit-den-flecken\/#article\",\"isPartOf\":{\"@id\":\"https:\/\/blog.lobosonda.com\/de\/05-08-2017-stenella-die-mit-den-flecken\/\"},\"author\":{\"name\":\"lobosonda\",\"@id\":\"https:\/\/blog.lobosonda.com\/de\/#\/schema\/person\/16135f75aca699492fd26a7141197b03\"},\"headline\":\"05.08.2017 &#8211; Stenella &#8211; die mit den Flecken\",\"datePublished\":\"2017-08-13T18:00:50+00:00\",\"dateModified\":\"2017-08-09T13:39:24+00:00\",\"mainEntityOfPage\":{\"@id\":\"https:\/\/blog.lobosonda.com\/de\/05-08-2017-stenella-die-mit-den-flecken\/\"},\"wordCount\":260,\"commentCount\":0,\"publisher\":{\"@id\":\"https:\/\/blog.lobosonda.com\/de\/#organization\"},\"image\":{\"@id\":\"https:\/\/blog.lobosonda.com\/de\/05-08-2017-stenella-die-mit-den-flecken\/#primaryimage\"},\"thumbnailUrl\":\"https:\/\/blog.lobosonda.com\/wp-content\/uploads\/2017\/08\/DSC_1311.jpg\",\"articleSection\":[\"Delfine\",\"Falsche Karettschildkr\u00f6te\",\"Fleckendelfin\",\"Gro\u00dfer T\u00fcmmler\",\"Weitere Tiere\"],\"inLanguage\":\"de\",\"potentialAction\":[{\"@type\":\"CommentAction\",\"name\":\"Comment\",\"target\":[\"https:\/\/blog.lobosonda.com\/de\/05-08-2017-stenella-die-mit-den-flecken\/#respond\"]}]},{\"@type\":\"WebPage\",\"@id\":\"https:\/\/blog.lobosonda.com\/de\/05-08-2017-stenella-die-mit-den-flecken\/\",\"url\":\"https:\/\/blog.lobosonda.com\/de\/05-08-2017-stenella-die-mit-den-flecken\/\",\"name\":\"05.08.2017 - Stenella - die mit den Flecken - Lobosonda | Whalewatching | Madeira\",\"isPartOf\":{\"@id\":\"https:\/\/blog.lobosonda.com\/de\/#website\"},\"primaryImageOfPage\":{\"@id\":\"https:\/\/blog.lobosonda.com\/de\/05-08-2017-stenella-die-mit-den-flecken\/#primaryimage\"},\"image\":{\"@id\":\"https:\/\/blog.lobosonda.com\/de\/05-08-2017-stenella-die-mit-den-flecken\/#primaryimage\"},\"thumbnailUrl\":\"https:\/\/blog.lobosonda.com\/wp-content\/uploads\/2017\/08\/DSC_1311.jpg\",\"datePublished\":\"2017-08-13T18:00:50+00:00\",\"dateModified\":\"2017-08-09T13:39:24+00:00\",\"breadcrumb\":{\"@id\":\"https:\/\/blog.lobosonda.com\/de\/05-08-2017-stenella-die-mit-den-flecken\/#breadcrumb\"},\"inLanguage\":\"de\",\"potentialAction\":[{\"@type\":\"ReadAction\",\"target\":[\"https:\/\/blog.lobosonda.com\/de\/05-08-2017-stenella-die-mit-den-flecken\/\"]}]},{\"@type\":\"ImageObject\",\"inLanguage\":\"de\",\"@id\":\"https:\/\/blog.lobosonda.com\/de\/05-08-2017-stenella-die-mit-den-flecken\/#primaryimage\",\"url\":\"https:\/\/blog.lobosonda.com\/wp-content\/uploads\/2017\/08\/DSC_1311.jpg\",\"contentUrl\":\"https:\/\/blog.lobosonda.com\/wp-content\/uploads\/2017\/08\/DSC_1311.jpg\",\"width\":1599,\"height\":1066},{\"@type\":\"BreadcrumbList\",\"@id\":\"https:\/\/blog.lobosonda.com\/de\/05-08-2017-stenella-die-mit-den-flecken\/#breadcrumb\",\"itemListElement\":[{\"@type\":\"ListItem\",\"position\":1,\"name\":\"Home\",\"item\":\"https:\/\/blog.lobosonda.com\/de\/\"},{\"@type\":\"ListItem\",\"position\":2,\"name\":\"05.08.2017 &#8211; Stenella &#8211; die mit den Flecken\"}]},{\"@type\":\"WebSite\",\"@id\":\"https:\/\/blog.lobosonda.com\/de\/#website\",\"url\":\"https:\/\/blog.lobosonda.com\/de\/\",\"name\":\"Lobosonda | Whalewatching | Madeira\",\"description\":\"We stand for Water, Whales, Whale Watching, Whale conservation, Wellness and for Welcome. Lobosonda is a whale watching company respectful of all marine biodiversity operating in Madeira since 2003.\",\"publisher\":{\"@id\":\"https:\/\/blog.lobosonda.com\/de\/#organization\"},\"potentialAction\":[{\"@type\":\"SearchAction\",\"target\":{\"@type\":\"EntryPoint\",\"urlTemplate\":\"https:\/\/blog.lobosonda.com\/de\/?s={search_term_string}\"},\"query-input\":{\"@type\":\"PropertyValueSpecification\",\"valueRequired\":true,\"valueName\":\"search_term_string\"}}],\"inLanguage\":\"de\"},{\"@type\":\"Organization\",\"@id\":\"https:\/\/blog.lobosonda.com\/de\/#organization\",\"name\":\"LobosOnda.com\",\"url\":\"https:\/\/blog.lobosonda.com\/de\/\",\"logo\":{\"@type\":\"ImageObject\",\"inLanguage\":\"de\",\"@id\":\"https:\/\/blog.lobosonda.com\/de\/#\/schema\/logo\/image\/\",\"url\":\"https:\/\/www.lobosonda.com\/wp-content\/uploads\/2015\/04\/26167722_1853708551347437_4239983716863157418_n.jpg\",\"contentUrl\":\"https:\/\/www.lobosonda.com\/wp-content\/uploads\/2015\/04\/26167722_1853708551347437_4239983716863157418_n.jpg\",\"width\":480,\"height\":480,\"caption\":\"LobosOnda.com\"},\"image\":{\"@id\":\"https:\/\/blog.lobosonda.com\/de\/#\/schema\/logo\/image\/\"},\"sameAs\":[\"https:\/\/www.facebook.com\/lobosonda\/\",\"https:\/\/instagram.com\/lobosonda\/\",\"https:\/\/www.youtube.com\/user\/lobosonda\"]},{\"@type\":\"Person\",\"@id\":\"https:\/\/blog.lobosonda.com\/de\/#\/schema\/person\/16135f75aca699492fd26a7141197b03\",\"name\":\"lobosonda\",\"image\":{\"@type\":\"ImageObject\",\"inLanguage\":\"de\",\"@id\":\"https:\/\/blog.lobosonda.com\/de\/#\/schema\/person\/image\/\",\"url\":\"https:\/\/secure.gravatar.com\/avatar\/f333a6edc75221163a5147e29206c9fe?s=96&d=mm&r=g\",\"contentUrl\":\"https:\/\/secure.gravatar.com\/avatar\/f333a6edc75221163a5147e29206c9fe?s=96&d=mm&r=g\",\"caption\":\"lobosonda\"},\"url\":\"https:\/\/blog.lobosonda.com\/de\/author\/lobosonda\/\"}]}<\/script>\n<!-- \/ Yoast SEO plugin. -->","yoast_head_json":{"title":"05.08.2017 - Stenella - die mit den Flecken - Lobosonda | Whalewatching | Madeira","robots":{"index":"index","follow":"follow","max-snippet":"max-snippet:-1","max-image-preview":"max-image-preview:large","max-video-preview":"max-video-preview:-1"},"canonical":"https:\/\/blog.lobosonda.com\/de\/05-08-2017-stenella-die-mit-den-flecken\/","og_locale":"de_DE","og_type":"article","og_title":"05.08.2017 - Stenella - die mit den Flecken - Lobosonda | Whalewatching | Madeira","og_description":"Unsere Touren werden im Sommer t\u00e4glich bereichert von Schulen, der meistens temperamentvoll-st\u00fcrmischen Atlantischen Fleckendelfinen (Stenella frontalis). Oft kommen diese sch\u00f6nen Tiere nah an unsere Boote ran, [\u2026]","og_url":"https:\/\/blog.lobosonda.com\/de\/05-08-2017-stenella-die-mit-den-flecken\/","og_site_name":"Lobosonda | Whalewatching | Madeira","article_publisher":"https:\/\/www.facebook.com\/lobosonda\/","article_published_time":"2017-08-13T18:00:50+00:00","article_modified_time":"2017-08-09T13:39:24+00:00","og_image":[{"width":1599,"height":1066,"url":"https:\/\/blog.lobosonda.com\/wp-content\/uploads\/2017\/08\/DSC_1311.jpg","type":"image\/jpeg"}],"author":"lobosonda","twitter_card":"summary_large_image","twitter_misc":{"Verfasst von":"lobosonda","Gesch\u00e4tzte Lesezeit":"1\u00a0Minute"},"schema":{"@context":"https:\/\/schema.org","@graph":[{"@type":"Article","@id":"https:\/\/blog.lobosonda.com\/de\/05-08-2017-stenella-die-mit-den-flecken\/#article","isPartOf":{"@id":"https:\/\/blog.lobosonda.com\/de\/05-08-2017-stenella-die-mit-den-flecken\/"},"author":{"name":"lobosonda","@id":"https:\/\/blog.lobosonda.com\/de\/#\/schema\/person\/16135f75aca699492fd26a7141197b03"},"headline":"05.08.2017 &#8211; Stenella &#8211; die mit den Flecken","datePublished":"2017-08-13T18:00:50+00:00","dateModified":"2017-08-09T13:39:24+00:00","mainEntityOfPage":{"@id":"https:\/\/blog.lobosonda.com\/de\/05-08-2017-stenella-die-mit-den-flecken\/"},"wordCount":260,"commentCount":0,"publisher":{"@id":"https:\/\/blog.lobosonda.com\/de\/#organization"},"image":{"@id":"https:\/\/blog.lobosonda.com\/de\/05-08-2017-stenella-die-mit-den-flecken\/#primaryimage"},"thumbnailUrl":"https:\/\/blog.lobosonda.com\/wp-content\/uploads\/2017\/08\/DSC_1311.jpg","articleSection":["Delfine","Falsche Karettschildkr\u00f6te","Fleckendelfin","Gro\u00dfer T\u00fcmmler","Weitere Tiere"],"inLanguage":"de","potentialAction":[{"@type":"CommentAction","name":"Comment","target":["https:\/\/blog.lobosonda.com\/de\/05-08-2017-stenella-die-mit-den-flecken\/#respond"]}]},{"@type":"WebPage","@id":"https:\/\/blog.lobosonda.com\/de\/05-08-2017-stenella-die-mit-den-flecken\/","url":"https:\/\/blog.lobosonda.com\/de\/05-08-2017-stenella-die-mit-den-flecken\/","name":"05.08.2017 - Stenella - die mit den Flecken - Lobosonda | Whalewatching | Madeira","isPartOf":{"@id":"https:\/\/blog.lobosonda.com\/de\/#website"},"primaryImageOfPage":{"@id":"https:\/\/blog.lobosonda.com\/de\/05-08-2017-stenella-die-mit-den-flecken\/#primaryimage"},"image":{"@id":"https:\/\/blog.lobosonda.com\/de\/05-08-2017-stenella-die-mit-den-flecken\/#primaryimage"},"thumbnailUrl":"https:\/\/blog.lobosonda.com\/wp-content\/uploads\/2017\/08\/DSC_1311.jpg","datePublished":"2017-08-13T18:00:50+00:00","dateModified":"2017-08-09T13:39:24+00:00","breadcrumb":{"@id":"https:\/\/blog.lobosonda.com\/de\/05-08-2017-stenella-die-mit-den-flecken\/#breadcrumb"},"inLanguage":"de","potentialAction":[{"@type":"ReadAction","target":["https:\/\/blog.lobosonda.com\/de\/05-08-2017-stenella-die-mit-den-flecken\/"]}]},{"@type":"ImageObject","inLanguage":"de","@id":"https:\/\/blog.lobosonda.com\/de\/05-08-2017-stenella-die-mit-den-flecken\/#primaryimage","url":"https:\/\/blog.lobosonda.com\/wp-content\/uploads\/2017\/08\/DSC_1311.jpg","contentUrl":"https:\/\/blog.lobosonda.com\/wp-content\/uploads\/2017\/08\/DSC_1311.jpg","width":1599,"height":1066},{"@type":"BreadcrumbList","@id":"https:\/\/blog.lobosonda.com\/de\/05-08-2017-stenella-die-mit-den-flecken\/#breadcrumb","itemListElement":[{"@type":"ListItem","position":1,"name":"Home","item":"https:\/\/blog.lobosonda.com\/de\/"},{"@type":"ListItem","position":2,"name":"05.08.2017 &#8211; Stenella &#8211; die mit den Flecken"}]},{"@type":"WebSite","@id":"https:\/\/blog.lobosonda.com\/de\/#website","url":"https:\/\/blog.lobosonda.com\/de\/","name":"Lobosonda | Whalewatching | Madeira","description":"We stand for Water, Whales, Whale Watching, Whale conservation, Wellness and for Welcome. Lobosonda is a whale watching company respectful of all marine biodiversity operating in Madeira since 2003.","publisher":{"@id":"https:\/\/blog.lobosonda.com\/de\/#organization"},"potentialAction":[{"@type":"SearchAction","target":{"@type":"EntryPoint","urlTemplate":"https:\/\/blog.lobosonda.com\/de\/?s={search_term_string}"},"query-input":{"@type":"PropertyValueSpecification","valueRequired":true,"valueName":"search_term_string"}}],"inLanguage":"de"},{"@type":"Organization","@id":"https:\/\/blog.lobosonda.com\/de\/#organization","name":"LobosOnda.com","url":"https:\/\/blog.lobosonda.com\/de\/","logo":{"@type":"ImageObject","inLanguage":"de","@id":"https:\/\/blog.lobosonda.com\/de\/#\/schema\/logo\/image\/","url":"https:\/\/www.lobosonda.com\/wp-content\/uploads\/2015\/04\/26167722_1853708551347437_4239983716863157418_n.jpg","contentUrl":"https:\/\/www.lobosonda.com\/wp-content\/uploads\/2015\/04\/26167722_1853708551347437_4239983716863157418_n.jpg","width":480,"height":480,"caption":"LobosOnda.com"},"image":{"@id":"https:\/\/blog.lobosonda.com\/de\/#\/schema\/logo\/image\/"},"sameAs":["https:\/\/www.facebook.com\/lobosonda\/","https:\/\/instagram.com\/lobosonda\/","https:\/\/www.youtube.com\/user\/lobosonda"]},{"@type":"Person","@id":"https:\/\/blog.lobosonda.com\/de\/#\/schema\/person\/16135f75aca699492fd26a7141197b03","name":"lobosonda","image":{"@type":"ImageObject","inLanguage":"de","@id":"https:\/\/blog.lobosonda.com\/de\/#\/schema\/person\/image\/","url":"https:\/\/secure.gravatar.com\/avatar\/f333a6edc75221163a5147e29206c9fe?s=96&d=mm&r=g","contentUrl":"https:\/\/secure.gravatar.com\/avatar\/f333a6edc75221163a5147e29206c9fe?s=96&d=mm&r=g","caption":"lobosonda"},"url":"https:\/\/blog.lobosonda.com\/de\/author\/lobosonda\/"}]}},"jetpack_featured_media_url":"https:\/\/blog.lobosonda.com\/wp-content\/uploads\/2017\/08\/DSC_1311.jpg","jetpack_sharing_enabled":true,"jetpack_likes_enabled":true,"_links":{"self":[{"href":"https:\/\/blog.lobosonda.com\/de\/wp-json\/wp\/v2\/posts\/41423"}],"collection":[{"href":"https:\/\/blog.lobosonda.com\/de\/wp-json\/wp\/v2\/posts"}],"about":[{"href":"https:\/\/blog.lobosonda.com\/de\/wp-json\/wp\/v2\/types\/post"}],"author":[{"embeddable":true,"href":"https:\/\/blog.lobosonda.com\/de\/wp-json\/wp\/v2\/users\/4"}],"replies":[{"embeddable":true,"href":"https:\/\/blog.lobosonda.com\/de\/wp-json\/wp\/v2\/comments?post=41423"}],"version-history":[{"count":0,"href":"https:\/\/blog.lobosonda.com\/de\/wp-json\/wp\/v2\/posts\/41423\/revisions"}],"wp:featuredmedia":[{"embeddable":true,"href":"https:\/\/blog.lobosonda.com\/de\/wp-json\/wp\/v2\/media\/41395"}],"wp:attachment":[{"href":"https:\/\/blog.lobosonda.com\/de\/wp-json\/wp\/v2\/media?parent=41423"}],"wp:term":[{"taxonomy":"category","embeddable":true,"href":"https:\/\/blog.lobosonda.com\/de\/wp-json\/wp\/v2\/categories?post=41423"},{"taxonomy":"post_tag","embeddable":true,"href":"https:\/\/blog.lobosonda.com\/de\/wp-json\/wp\/v2\/tags?post=41423"}],"curies":[{"name":"wp","href":"https:\/\/api.w.org\/{rel}","templated":true}]}}