{"id":39993,"date":"2017-07-06T19:00:33","date_gmt":"2017-07-06T18:00:33","guid":{"rendered":"http:\/\/www.lobosonda.com\/?p=39993\/"},"modified":"2017-07-05T17:15:56","modified_gmt":"2017-07-05T16:15:56","slug":"19-06-2017-der-raubfisch-aus-der-tiefe-espada-preta","status":"publish","type":"post","link":"https:\/\/blog.lobosonda.com\/de\/19-06-2017-der-raubfisch-aus-der-tiefe-espada-preta\/","title":{"rendered":"19.06.2017 &#8211; Der Raubfisch aus der Tiefe &#8211; Espada preta"},"content":{"rendered":"<p style=\"text-align: justify;\">Die einzige Ausfahrt des Tages verlief &#8222;bilderbuchm\u00e4\u00dfig&#8220;. Bereits nach 20 Minuten fand die Stenella, dank des Sp\u00e4hers an Land, eine lebhafte Schule Atlantische Fleckendelfine. Sie schwammen dicht zusammen und waren mit sich selbst besch\u00e4ftigt. Auf fachm\u00e4nnisch hei\u00dft das &#8222;socialising&#8220;, die Tiere waren am sozialisieren. Alle Delfinarten weisen komplexe Gruppenstrukturen auf und nur \u00e4u\u00dferst selten sieht man einzelne Individuen, die alleine unterwegs sind. Das Leben in der Gruppe (Schule) bietet mehrere Vorteile: besserer Schutz gegen Feinde und die Jagd auf Schwarmfische bzw. andere Beutetiere ist in der Schule effizienter. Einige der Fleckendelfine waren neugierig und kamen mit gro\u00dfen Spr\u00fcngen auf uns zu. Ein herrlicher Anblick.<\/p>\n<p style=\"text-align: justify;\">Nach dieser sch\u00f6nen Sichtung hielten wir Kurs auf ein kleines Fischerboot, etwa 8 Seemeilen vor der K\u00fcste. Die Degenfisch-Fischer holten gerade die Langleinen ein, mitsamt Fang. Buntschillernde Schwarze Degenfische wurden per Hand einzeln an die Oberfl\u00e4che gezogen und landeten auf dem Deck. Der mur\u00e4nen\u00e4hnliche Raubfisch lebt in Tiefen \u00fcber 1200 m und macht dort Jagd auf kleine Fische. Seine urspr\u00fcngliche Farbe (Kupfer) wandelt sich nach dem Tod und durch den raschen Druckunterschied zu Schwarz. Aus der N\u00e4he konnten wir die gro\u00dfen Augen der Fische (die bis zu 1,5 m K\u00f6rperl\u00e4nge erreichen k\u00f6nnen) und ihr riesiges Maul mit den Fangz\u00e4hnen betrachten.<\/p>\n<p style=\"text-align: right;\"><span style=\"font-size: 10pt;\"><em>von Astrid Haas<\/em><\/span><\/p>\n<p><span style=\"text-decoration: underline;\"><em><strong>Sichtungen des Tages<\/strong><\/em><\/span>:<br \/>\nStenella<\/p>\n<p style=\"text-align: justify;\"><strong>09.00<\/strong>: Atlantische Fleckendelfine, Portugiesische Galeere<\/p>\n\n\t\t\t<style type='text\/css'>\n\t\t\t\t#sc_gallery-1640 {\n\t\t\t\t\tmargin: auto;\n\t\t\t\t}\n\t\t\t\t#sc_gallery-1640 .gallery-item {\n\t\t\t\t\tfloat: left;\n\t\t\t\t\tmargin-top: 10px;\n\t\t\t\t\ttext-align: center;\n\t\t\t\t\twidth: 33.33%;\n\t\t\t\t}\n\t\t\t\t#sc_gallery-1640 img {\n\t\t\t\t\tborder: 2px solid #cfcfcf;\n\t\t\t\t}\n\t\t\t\t#sc_gallery-1640 .gallery-caption {\n\t\t\t\t\tmargin-left: 0;\n\t\t\t\t}\n\t\t\t\t\/* see sc_gallery() in functions\/theme-shortcodes.php *\/\n\t\t\t<\/style>\n\t\t<div id='sc_gallery-1640' class='gallery element_classes galleryid-39993 gallery-columns-3 gallery-size-thumbnail '><dl class='gallery-item'>\n\t\t\t\t<dt class='gallery-icon landscape'>\n\t\t\t\t\t<a href='https:\/\/blog.lobosonda.com\/19-06-2017-der-raubfisch-aus-der-tiefe-espada-preta\/dsc_8882-2\/'><img loading=\"lazy\" decoding=\"async\" width=\"150\" height=\"150\" src=\"https:\/\/blog.lobosonda.com\/wp-content\/uploads\/2017\/07\/DSC_8882-1-150x150.jpg\" class=\"attachment-thumbnail size-thumbnail\" alt=\"\" srcset=\"https:\/\/blog.lobosonda.com\/wp-content\/uploads\/2017\/07\/DSC_8882-1-150x150.jpg 150w, https:\/\/blog.lobosonda.com\/wp-content\/uploads\/2017\/07\/DSC_8882-1-500x500.jpg 500w, https:\/\/blog.lobosonda.com\/wp-content\/uploads\/2017\/07\/DSC_8882-1-400x400.jpg 400w, https:\/\/blog.lobosonda.com\/wp-content\/uploads\/2017\/07\/DSC_8882-1-300x300.jpg 300w\" sizes=\"(max-width: 150px) 100vw, 150px\" \/><\/a>\n\t\t\t\t<\/dt><\/dl><dl class='gallery-item'>\n\t\t\t\t<dt class='gallery-icon landscape'>\n\t\t\t\t\t<a href='https:\/\/blog.lobosonda.com\/19-06-2017-der-raubfisch-aus-der-tiefe-espada-preta\/dsc_8903-2\/'><img loading=\"lazy\" decoding=\"async\" width=\"150\" height=\"150\" src=\"https:\/\/blog.lobosonda.com\/wp-content\/uploads\/2017\/07\/DSC_8903-1-150x150.jpg\" class=\"attachment-thumbnail size-thumbnail\" alt=\"\" srcset=\"https:\/\/blog.lobosonda.com\/wp-content\/uploads\/2017\/07\/DSC_8903-1-150x150.jpg 150w, https:\/\/blog.lobosonda.com\/wp-content\/uploads\/2017\/07\/DSC_8903-1-500x500.jpg 500w, https:\/\/blog.lobosonda.com\/wp-content\/uploads\/2017\/07\/DSC_8903-1-400x400.jpg 400w, https:\/\/blog.lobosonda.com\/wp-content\/uploads\/2017\/07\/DSC_8903-1-300x300.jpg 300w\" sizes=\"(max-width: 150px) 100vw, 150px\" \/><\/a>\n\t\t\t\t<\/dt><\/dl><dl class='gallery-item'>\n\t\t\t\t<dt class='gallery-icon landscape'>\n\t\t\t\t\t<a href='https:\/\/blog.lobosonda.com\/19-06-2017-der-raubfisch-aus-der-tiefe-espada-preta\/dsc_8905-4\/'><img loading=\"lazy\" decoding=\"async\" width=\"150\" height=\"150\" src=\"https:\/\/blog.lobosonda.com\/wp-content\/uploads\/2017\/07\/DSC_8905-1-150x150.jpg\" class=\"attachment-thumbnail size-thumbnail\" alt=\"\" srcset=\"https:\/\/blog.lobosonda.com\/wp-content\/uploads\/2017\/07\/DSC_8905-1-150x150.jpg 150w, https:\/\/blog.lobosonda.com\/wp-content\/uploads\/2017\/07\/DSC_8905-1-500x500.jpg 500w, https:\/\/blog.lobosonda.com\/wp-content\/uploads\/2017\/07\/DSC_8905-1-400x400.jpg 400w, https:\/\/blog.lobosonda.com\/wp-content\/uploads\/2017\/07\/DSC_8905-1-300x300.jpg 300w\" sizes=\"(max-width: 150px) 100vw, 150px\" \/><\/a>\n\t\t\t\t<\/dt><\/dl><br style=\"clear: both\" \/><dl class='gallery-item'>\n\t\t\t\t<dt class='gallery-icon landscape'>\n\t\t\t\t\t<a href='https:\/\/blog.lobosonda.com\/19-06-2017-der-raubfisch-aus-der-tiefe-espada-preta\/dsc_8910-3\/'><img loading=\"lazy\" decoding=\"async\" width=\"150\" height=\"150\" src=\"https:\/\/blog.lobosonda.com\/wp-content\/uploads\/2017\/07\/DSC_8910-1-150x150.jpg\" class=\"attachment-thumbnail size-thumbnail\" alt=\"\" srcset=\"https:\/\/blog.lobosonda.com\/wp-content\/uploads\/2017\/07\/DSC_8910-1-150x150.jpg 150w, https:\/\/blog.lobosonda.com\/wp-content\/uploads\/2017\/07\/DSC_8910-1-500x500.jpg 500w, https:\/\/blog.lobosonda.com\/wp-content\/uploads\/2017\/07\/DSC_8910-1-400x400.jpg 400w, https:\/\/blog.lobosonda.com\/wp-content\/uploads\/2017\/07\/DSC_8910-1-300x300.jpg 300w\" sizes=\"(max-width: 150px) 100vw, 150px\" \/><\/a>\n\t\t\t\t<\/dt><\/dl><dl class='gallery-item'>\n\t\t\t\t<dt class='gallery-icon landscape'>\n\t\t\t\t\t<a href='https:\/\/blog.lobosonda.com\/19-06-2017-der-raubfisch-aus-der-tiefe-espada-preta\/dsc_8937-3\/'><img loading=\"lazy\" decoding=\"async\" width=\"150\" height=\"150\" src=\"https:\/\/blog.lobosonda.com\/wp-content\/uploads\/2017\/07\/DSC_8937-1-150x150.jpg\" class=\"attachment-thumbnail size-thumbnail\" alt=\"\" srcset=\"https:\/\/blog.lobosonda.com\/wp-content\/uploads\/2017\/07\/DSC_8937-1-150x150.jpg 150w, https:\/\/blog.lobosonda.com\/wp-content\/uploads\/2017\/07\/DSC_8937-1-500x500.jpg 500w, https:\/\/blog.lobosonda.com\/wp-content\/uploads\/2017\/07\/DSC_8937-1-400x400.jpg 400w, https:\/\/blog.lobosonda.com\/wp-content\/uploads\/2017\/07\/DSC_8937-1-300x300.jpg 300w\" sizes=\"(max-width: 150px) 100vw, 150px\" \/><\/a>\n\t\t\t\t<\/dt><\/dl>\n\t\t\t\t<br style='clear: both' \/>\n\t\t\t<\/div>\n\n","protected":false},"excerpt":{"rendered":"<p>Die einzige Ausfahrt des Tages verlief &#8222;bilderbuchm\u00e4\u00dfig&#8220;. Bereits nach 20 Minuten fand die Stenella, dank des Sp\u00e4hers an Land, eine lebhafte Schule Atlantische Fleckendelfine. Sie schwammen<span class=\"excerpt-hellip\"> [\u2026]<\/span><\/p>\n","protected":false},"author":4,"featured_media":39989,"comment_status":"open","ping_status":"open","sticky":false,"template":"","format":"standard","meta":{"footnotes":"","_jetpack_memberships_contains_paid_content":false,"jetpack_publicize_message":"19.06.2017 - Der Raubfisch aus der Tiefe - Espada preta","jetpack_publicize_feature_enabled":true,"jetpack_social_post_already_shared":true,"jetpack_social_options":{"image_generator_settings":{"template":"highway","enabled":false},"version":2},"_wpscppro_dont_share_socialmedia":false,"_wpscppro_custom_social_share_image":0,"_facebook_share_type":"","_twitter_share_type":"","_linkedin_share_type":"","_pinterest_share_type":"","_linkedin_share_type_page":"","_instagram_share_type":"","_medium_share_type":"","_threads_share_type":"","_google_business_share_type":"","_selected_social_profile":[],"_wpsp_enable_custom_social_template":false,"_wpsp_social_scheduling":{"enabled":false,"datetime":null,"platforms":[],"status":"template_only","dateOption":"today","timeOption":"now","customDays":"","customHours":"","customDate":"","customTime":"","schedulingType":"absolute"},"_wpsp_active_default_template":true},"categories":[1882,1837,1846,1883],"tags":[],"jetpack_publicize_connections":[],"yoast_head":"<!-- This site is optimized with the Yoast SEO plugin v23.4 - https:\/\/yoast.com\/wordpress\/plugins\/seo\/ -->\n<title>19.06.2017 - Der Raubfisch aus der Tiefe - Espada preta - Lobosonda | Whalewatching | Madeira<\/title>\n<meta name=\"robots\" content=\"index, follow, max-snippet:-1, max-image-preview:large, max-video-preview:-1\" \/>\n<link rel=\"canonical\" href=\"https:\/\/blog.lobosonda.com\/de\/19-06-2017-der-raubfisch-aus-der-tiefe-espada-preta\/\" \/>\n<meta property=\"og:locale\" content=\"de_DE\" \/>\n<meta property=\"og:type\" content=\"article\" \/>\n<meta property=\"og:title\" content=\"19.06.2017 - Der Raubfisch aus der Tiefe - Espada preta - Lobosonda | Whalewatching | Madeira\" \/>\n<meta property=\"og:description\" content=\"Die einzige Ausfahrt des Tages verlief &#8222;bilderbuchm\u00e4\u00dfig&#8220;. Bereits nach 20 Minuten fand die Stenella, dank des Sp\u00e4hers an Land, eine lebhafte Schule Atlantische Fleckendelfine. Sie schwammen [\u2026]\" \/>\n<meta property=\"og:url\" content=\"https:\/\/blog.lobosonda.com\/de\/19-06-2017-der-raubfisch-aus-der-tiefe-espada-preta\/\" \/>\n<meta property=\"og:site_name\" content=\"Lobosonda | Whalewatching | Madeira\" \/>\n<meta property=\"article:publisher\" content=\"https:\/\/www.facebook.com\/lobosonda\/\" \/>\n<meta property=\"article:published_time\" content=\"2017-07-06T18:00:33+00:00\" \/>\n<meta property=\"article:modified_time\" content=\"2017-07-05T16:15:56+00:00\" \/>\n<meta property=\"og:image\" content=\"https:\/\/blog.lobosonda.com\/wp-content\/uploads\/2017\/07\/DSC_8905-1.jpg\" \/>\n\t<meta property=\"og:image:width\" content=\"4256\" \/>\n\t<meta property=\"og:image:height\" content=\"2832\" \/>\n\t<meta property=\"og:image:type\" content=\"image\/jpeg\" \/>\n<meta name=\"author\" content=\"lobosonda\" \/>\n<meta name=\"twitter:card\" content=\"summary_large_image\" \/>\n<meta name=\"twitter:label1\" content=\"Verfasst von\" \/>\n\t<meta name=\"twitter:data1\" content=\"lobosonda\" \/>\n\t<meta name=\"twitter:label2\" content=\"Gesch\u00e4tzte Lesezeit\" \/>\n\t<meta name=\"twitter:data2\" content=\"1\u00a0Minute\" \/>\n<script type=\"application\/ld+json\" class=\"yoast-schema-graph\">{\"@context\":\"https:\/\/schema.org\",\"@graph\":[{\"@type\":\"Article\",\"@id\":\"https:\/\/blog.lobosonda.com\/de\/19-06-2017-der-raubfisch-aus-der-tiefe-espada-preta\/#article\",\"isPartOf\":{\"@id\":\"https:\/\/blog.lobosonda.com\/de\/19-06-2017-der-raubfisch-aus-der-tiefe-espada-preta\/\"},\"author\":{\"name\":\"lobosonda\",\"@id\":\"https:\/\/blog.lobosonda.com\/de\/#\/schema\/person\/16135f75aca699492fd26a7141197b03\"},\"headline\":\"19.06.2017 &#8211; Der Raubfisch aus der Tiefe &#8211; Espada preta\",\"datePublished\":\"2017-07-06T18:00:33+00:00\",\"dateModified\":\"2017-07-05T16:15:56+00:00\",\"mainEntityOfPage\":{\"@id\":\"https:\/\/blog.lobosonda.com\/de\/19-06-2017-der-raubfisch-aus-der-tiefe-espada-preta\/\"},\"wordCount\":244,\"commentCount\":0,\"publisher\":{\"@id\":\"https:\/\/blog.lobosonda.com\/de\/#organization\"},\"image\":{\"@id\":\"https:\/\/blog.lobosonda.com\/de\/19-06-2017-der-raubfisch-aus-der-tiefe-espada-preta\/#primaryimage\"},\"thumbnailUrl\":\"https:\/\/blog.lobosonda.com\/wp-content\/uploads\/2017\/07\/DSC_8905-1.jpg\",\"articleSection\":[\"Boote\",\"Delfine\",\"Fleckendelfin\",\"Stenella\"],\"inLanguage\":\"de\",\"potentialAction\":[{\"@type\":\"CommentAction\",\"name\":\"Comment\",\"target\":[\"https:\/\/blog.lobosonda.com\/de\/19-06-2017-der-raubfisch-aus-der-tiefe-espada-preta\/#respond\"]}]},{\"@type\":\"WebPage\",\"@id\":\"https:\/\/blog.lobosonda.com\/de\/19-06-2017-der-raubfisch-aus-der-tiefe-espada-preta\/\",\"url\":\"https:\/\/blog.lobosonda.com\/de\/19-06-2017-der-raubfisch-aus-der-tiefe-espada-preta\/\",\"name\":\"19.06.2017 - Der Raubfisch aus der Tiefe - Espada preta - Lobosonda | Whalewatching | Madeira\",\"isPartOf\":{\"@id\":\"https:\/\/blog.lobosonda.com\/de\/#website\"},\"primaryImageOfPage\":{\"@id\":\"https:\/\/blog.lobosonda.com\/de\/19-06-2017-der-raubfisch-aus-der-tiefe-espada-preta\/#primaryimage\"},\"image\":{\"@id\":\"https:\/\/blog.lobosonda.com\/de\/19-06-2017-der-raubfisch-aus-der-tiefe-espada-preta\/#primaryimage\"},\"thumbnailUrl\":\"https:\/\/blog.lobosonda.com\/wp-content\/uploads\/2017\/07\/DSC_8905-1.jpg\",\"datePublished\":\"2017-07-06T18:00:33+00:00\",\"dateModified\":\"2017-07-05T16:15:56+00:00\",\"breadcrumb\":{\"@id\":\"https:\/\/blog.lobosonda.com\/de\/19-06-2017-der-raubfisch-aus-der-tiefe-espada-preta\/#breadcrumb\"},\"inLanguage\":\"de\",\"potentialAction\":[{\"@type\":\"ReadAction\",\"target\":[\"https:\/\/blog.lobosonda.com\/de\/19-06-2017-der-raubfisch-aus-der-tiefe-espada-preta\/\"]}]},{\"@type\":\"ImageObject\",\"inLanguage\":\"de\",\"@id\":\"https:\/\/blog.lobosonda.com\/de\/19-06-2017-der-raubfisch-aus-der-tiefe-espada-preta\/#primaryimage\",\"url\":\"https:\/\/blog.lobosonda.com\/wp-content\/uploads\/2017\/07\/DSC_8905-1.jpg\",\"contentUrl\":\"https:\/\/blog.lobosonda.com\/wp-content\/uploads\/2017\/07\/DSC_8905-1.jpg\",\"width\":4256,\"height\":2832},{\"@type\":\"BreadcrumbList\",\"@id\":\"https:\/\/blog.lobosonda.com\/de\/19-06-2017-der-raubfisch-aus-der-tiefe-espada-preta\/#breadcrumb\",\"itemListElement\":[{\"@type\":\"ListItem\",\"position\":1,\"name\":\"Home\",\"item\":\"https:\/\/blog.lobosonda.com\/de\/\"},{\"@type\":\"ListItem\",\"position\":2,\"name\":\"19.06.2017 &#8211; Der Raubfisch aus der Tiefe &#8211; Espada preta\"}]},{\"@type\":\"WebSite\",\"@id\":\"https:\/\/blog.lobosonda.com\/de\/#website\",\"url\":\"https:\/\/blog.lobosonda.com\/de\/\",\"name\":\"Lobosonda | Whalewatching | Madeira\",\"description\":\"We stand for Water, Whales, Whale Watching, Whale conservation, Wellness and for Welcome. Lobosonda is a whale watching company respectful of all marine biodiversity operating in Madeira since 2003.\",\"publisher\":{\"@id\":\"https:\/\/blog.lobosonda.com\/de\/#organization\"},\"potentialAction\":[{\"@type\":\"SearchAction\",\"target\":{\"@type\":\"EntryPoint\",\"urlTemplate\":\"https:\/\/blog.lobosonda.com\/de\/?s={search_term_string}\"},\"query-input\":{\"@type\":\"PropertyValueSpecification\",\"valueRequired\":true,\"valueName\":\"search_term_string\"}}],\"inLanguage\":\"de\"},{\"@type\":\"Organization\",\"@id\":\"https:\/\/blog.lobosonda.com\/de\/#organization\",\"name\":\"LobosOnda.com\",\"url\":\"https:\/\/blog.lobosonda.com\/de\/\",\"logo\":{\"@type\":\"ImageObject\",\"inLanguage\":\"de\",\"@id\":\"https:\/\/blog.lobosonda.com\/de\/#\/schema\/logo\/image\/\",\"url\":\"https:\/\/www.lobosonda.com\/wp-content\/uploads\/2015\/04\/26167722_1853708551347437_4239983716863157418_n.jpg\",\"contentUrl\":\"https:\/\/www.lobosonda.com\/wp-content\/uploads\/2015\/04\/26167722_1853708551347437_4239983716863157418_n.jpg\",\"width\":480,\"height\":480,\"caption\":\"LobosOnda.com\"},\"image\":{\"@id\":\"https:\/\/blog.lobosonda.com\/de\/#\/schema\/logo\/image\/\"},\"sameAs\":[\"https:\/\/www.facebook.com\/lobosonda\/\",\"https:\/\/instagram.com\/lobosonda\/\",\"https:\/\/www.youtube.com\/user\/lobosonda\"]},{\"@type\":\"Person\",\"@id\":\"https:\/\/blog.lobosonda.com\/de\/#\/schema\/person\/16135f75aca699492fd26a7141197b03\",\"name\":\"lobosonda\",\"image\":{\"@type\":\"ImageObject\",\"inLanguage\":\"de\",\"@id\":\"https:\/\/blog.lobosonda.com\/de\/#\/schema\/person\/image\/\",\"url\":\"https:\/\/secure.gravatar.com\/avatar\/f333a6edc75221163a5147e29206c9fe?s=96&d=mm&r=g\",\"contentUrl\":\"https:\/\/secure.gravatar.com\/avatar\/f333a6edc75221163a5147e29206c9fe?s=96&d=mm&r=g\",\"caption\":\"lobosonda\"},\"url\":\"https:\/\/blog.lobosonda.com\/de\/author\/lobosonda\/\"}]}<\/script>\n<!-- \/ Yoast SEO plugin. -->","yoast_head_json":{"title":"19.06.2017 - Der Raubfisch aus der Tiefe - Espada preta - Lobosonda | Whalewatching | Madeira","robots":{"index":"index","follow":"follow","max-snippet":"max-snippet:-1","max-image-preview":"max-image-preview:large","max-video-preview":"max-video-preview:-1"},"canonical":"https:\/\/blog.lobosonda.com\/de\/19-06-2017-der-raubfisch-aus-der-tiefe-espada-preta\/","og_locale":"de_DE","og_type":"article","og_title":"19.06.2017 - Der Raubfisch aus der Tiefe - Espada preta - Lobosonda | Whalewatching | Madeira","og_description":"Die einzige Ausfahrt des Tages verlief &#8222;bilderbuchm\u00e4\u00dfig&#8220;. Bereits nach 20 Minuten fand die Stenella, dank des Sp\u00e4hers an Land, eine lebhafte Schule Atlantische Fleckendelfine. Sie schwammen [\u2026]","og_url":"https:\/\/blog.lobosonda.com\/de\/19-06-2017-der-raubfisch-aus-der-tiefe-espada-preta\/","og_site_name":"Lobosonda | Whalewatching | Madeira","article_publisher":"https:\/\/www.facebook.com\/lobosonda\/","article_published_time":"2017-07-06T18:00:33+00:00","article_modified_time":"2017-07-05T16:15:56+00:00","og_image":[{"width":4256,"height":2832,"url":"https:\/\/blog.lobosonda.com\/wp-content\/uploads\/2017\/07\/DSC_8905-1.jpg","type":"image\/jpeg"}],"author":"lobosonda","twitter_card":"summary_large_image","twitter_misc":{"Verfasst von":"lobosonda","Gesch\u00e4tzte Lesezeit":"1\u00a0Minute"},"schema":{"@context":"https:\/\/schema.org","@graph":[{"@type":"Article","@id":"https:\/\/blog.lobosonda.com\/de\/19-06-2017-der-raubfisch-aus-der-tiefe-espada-preta\/#article","isPartOf":{"@id":"https:\/\/blog.lobosonda.com\/de\/19-06-2017-der-raubfisch-aus-der-tiefe-espada-preta\/"},"author":{"name":"lobosonda","@id":"https:\/\/blog.lobosonda.com\/de\/#\/schema\/person\/16135f75aca699492fd26a7141197b03"},"headline":"19.06.2017 &#8211; Der Raubfisch aus der Tiefe &#8211; Espada preta","datePublished":"2017-07-06T18:00:33+00:00","dateModified":"2017-07-05T16:15:56+00:00","mainEntityOfPage":{"@id":"https:\/\/blog.lobosonda.com\/de\/19-06-2017-der-raubfisch-aus-der-tiefe-espada-preta\/"},"wordCount":244,"commentCount":0,"publisher":{"@id":"https:\/\/blog.lobosonda.com\/de\/#organization"},"image":{"@id":"https:\/\/blog.lobosonda.com\/de\/19-06-2017-der-raubfisch-aus-der-tiefe-espada-preta\/#primaryimage"},"thumbnailUrl":"https:\/\/blog.lobosonda.com\/wp-content\/uploads\/2017\/07\/DSC_8905-1.jpg","articleSection":["Boote","Delfine","Fleckendelfin","Stenella"],"inLanguage":"de","potentialAction":[{"@type":"CommentAction","name":"Comment","target":["https:\/\/blog.lobosonda.com\/de\/19-06-2017-der-raubfisch-aus-der-tiefe-espada-preta\/#respond"]}]},{"@type":"WebPage","@id":"https:\/\/blog.lobosonda.com\/de\/19-06-2017-der-raubfisch-aus-der-tiefe-espada-preta\/","url":"https:\/\/blog.lobosonda.com\/de\/19-06-2017-der-raubfisch-aus-der-tiefe-espada-preta\/","name":"19.06.2017 - Der Raubfisch aus der Tiefe - Espada preta - Lobosonda | Whalewatching | Madeira","isPartOf":{"@id":"https:\/\/blog.lobosonda.com\/de\/#website"},"primaryImageOfPage":{"@id":"https:\/\/blog.lobosonda.com\/de\/19-06-2017-der-raubfisch-aus-der-tiefe-espada-preta\/#primaryimage"},"image":{"@id":"https:\/\/blog.lobosonda.com\/de\/19-06-2017-der-raubfisch-aus-der-tiefe-espada-preta\/#primaryimage"},"thumbnailUrl":"https:\/\/blog.lobosonda.com\/wp-content\/uploads\/2017\/07\/DSC_8905-1.jpg","datePublished":"2017-07-06T18:00:33+00:00","dateModified":"2017-07-05T16:15:56+00:00","breadcrumb":{"@id":"https:\/\/blog.lobosonda.com\/de\/19-06-2017-der-raubfisch-aus-der-tiefe-espada-preta\/#breadcrumb"},"inLanguage":"de","potentialAction":[{"@type":"ReadAction","target":["https:\/\/blog.lobosonda.com\/de\/19-06-2017-der-raubfisch-aus-der-tiefe-espada-preta\/"]}]},{"@type":"ImageObject","inLanguage":"de","@id":"https:\/\/blog.lobosonda.com\/de\/19-06-2017-der-raubfisch-aus-der-tiefe-espada-preta\/#primaryimage","url":"https:\/\/blog.lobosonda.com\/wp-content\/uploads\/2017\/07\/DSC_8905-1.jpg","contentUrl":"https:\/\/blog.lobosonda.com\/wp-content\/uploads\/2017\/07\/DSC_8905-1.jpg","width":4256,"height":2832},{"@type":"BreadcrumbList","@id":"https:\/\/blog.lobosonda.com\/de\/19-06-2017-der-raubfisch-aus-der-tiefe-espada-preta\/#breadcrumb","itemListElement":[{"@type":"ListItem","position":1,"name":"Home","item":"https:\/\/blog.lobosonda.com\/de\/"},{"@type":"ListItem","position":2,"name":"19.06.2017 &#8211; Der Raubfisch aus der Tiefe &#8211; Espada preta"}]},{"@type":"WebSite","@id":"https:\/\/blog.lobosonda.com\/de\/#website","url":"https:\/\/blog.lobosonda.com\/de\/","name":"Lobosonda | Whalewatching | Madeira","description":"We stand for Water, Whales, Whale Watching, Whale conservation, Wellness and for Welcome. Lobosonda is a whale watching company respectful of all marine biodiversity operating in Madeira since 2003.","publisher":{"@id":"https:\/\/blog.lobosonda.com\/de\/#organization"},"potentialAction":[{"@type":"SearchAction","target":{"@type":"EntryPoint","urlTemplate":"https:\/\/blog.lobosonda.com\/de\/?s={search_term_string}"},"query-input":{"@type":"PropertyValueSpecification","valueRequired":true,"valueName":"search_term_string"}}],"inLanguage":"de"},{"@type":"Organization","@id":"https:\/\/blog.lobosonda.com\/de\/#organization","name":"LobosOnda.com","url":"https:\/\/blog.lobosonda.com\/de\/","logo":{"@type":"ImageObject","inLanguage":"de","@id":"https:\/\/blog.lobosonda.com\/de\/#\/schema\/logo\/image\/","url":"https:\/\/www.lobosonda.com\/wp-content\/uploads\/2015\/04\/26167722_1853708551347437_4239983716863157418_n.jpg","contentUrl":"https:\/\/www.lobosonda.com\/wp-content\/uploads\/2015\/04\/26167722_1853708551347437_4239983716863157418_n.jpg","width":480,"height":480,"caption":"LobosOnda.com"},"image":{"@id":"https:\/\/blog.lobosonda.com\/de\/#\/schema\/logo\/image\/"},"sameAs":["https:\/\/www.facebook.com\/lobosonda\/","https:\/\/instagram.com\/lobosonda\/","https:\/\/www.youtube.com\/user\/lobosonda"]},{"@type":"Person","@id":"https:\/\/blog.lobosonda.com\/de\/#\/schema\/person\/16135f75aca699492fd26a7141197b03","name":"lobosonda","image":{"@type":"ImageObject","inLanguage":"de","@id":"https:\/\/blog.lobosonda.com\/de\/#\/schema\/person\/image\/","url":"https:\/\/secure.gravatar.com\/avatar\/f333a6edc75221163a5147e29206c9fe?s=96&d=mm&r=g","contentUrl":"https:\/\/secure.gravatar.com\/avatar\/f333a6edc75221163a5147e29206c9fe?s=96&d=mm&r=g","caption":"lobosonda"},"url":"https:\/\/blog.lobosonda.com\/de\/author\/lobosonda\/"}]}},"jetpack_featured_media_url":"https:\/\/blog.lobosonda.com\/wp-content\/uploads\/2017\/07\/DSC_8905-1.jpg","jetpack_sharing_enabled":true,"jetpack_likes_enabled":true,"_links":{"self":[{"href":"https:\/\/blog.lobosonda.com\/de\/wp-json\/wp\/v2\/posts\/39993"}],"collection":[{"href":"https:\/\/blog.lobosonda.com\/de\/wp-json\/wp\/v2\/posts"}],"about":[{"href":"https:\/\/blog.lobosonda.com\/de\/wp-json\/wp\/v2\/types\/post"}],"author":[{"embeddable":true,"href":"https:\/\/blog.lobosonda.com\/de\/wp-json\/wp\/v2\/users\/4"}],"replies":[{"embeddable":true,"href":"https:\/\/blog.lobosonda.com\/de\/wp-json\/wp\/v2\/comments?post=39993"}],"version-history":[{"count":0,"href":"https:\/\/blog.lobosonda.com\/de\/wp-json\/wp\/v2\/posts\/39993\/revisions"}],"wp:featuredmedia":[{"embeddable":true,"href":"https:\/\/blog.lobosonda.com\/de\/wp-json\/wp\/v2\/media\/39989"}],"wp:attachment":[{"href":"https:\/\/blog.lobosonda.com\/de\/wp-json\/wp\/v2\/media?parent=39993"}],"wp:term":[{"taxonomy":"category","embeddable":true,"href":"https:\/\/blog.lobosonda.com\/de\/wp-json\/wp\/v2\/categories?post=39993"},{"taxonomy":"post_tag","embeddable":true,"href":"https:\/\/blog.lobosonda.com\/de\/wp-json\/wp\/v2\/tags?post=39993"}],"curies":[{"name":"wp","href":"https:\/\/api.w.org\/{rel}","templated":true}]}}