{"id":39969,"date":"2017-07-06T16:00:05","date_gmt":"2017-07-06T15:00:05","guid":{"rendered":"http:\/\/www.lobosonda.com\/?p=39969\/"},"modified":"2017-07-05T16:51:57","modified_gmt":"2017-07-05T15:51:57","slug":"18-06-2017-alma-negra-cao-de-agua-portugues","status":"publish","type":"post","link":"https:\/\/blog.lobosonda.com\/de\/18-06-2017-alma-negra-cao-de-agua-portugues\/","title":{"rendered":"18.06.2017 \u2013 Alma negra &#038;  c\u00e3o de \u00e1gua portugu\u00eas"},"content":{"rendered":"<p style=\"text-align: justify;\">Wenn der Sommer vor Madeira startet, k\u00f6nnen wir vermehrt kleine, schwarze V\u00f6gel beobachten, die dicht \u00fcber der Meeresoberfl\u00e4che fliegen (f\u00fcr gew\u00f6hnlich nicht h\u00f6her, als drei Meter). Diese V\u00f6gel tragen im portugiesischen den sch\u00f6nen Namen Alma negra (schwarze Seele), in Deutsch klingt der Name schon trockener, n\u00e4mlich Bulwer-Sturmvogel. Wahre Leichtgewichte sind es, das M\u00e4nnchen erreicht ein Gewicht von ca. 107gr und das Weibchen ca. 100gr. Die Paare leben in einer monogamen Einehe.<br \/>\nEine sehr interessante Information gab es heute von unseren G\u00e4sten, die einen C\u00e3o de \u00c1gua Portugu\u00eas besitzen. Was ist das, werden Sie sich vielleicht fragen? Es ist ein Portugiesischer Wasserhund, der in fr\u00fcheren Zeiten die Fischer in allen Belangen (bewachten des Boots und der Ger\u00e4tschaften, ersp\u00fcren der Fischw\u00e4rme und zusammentreiben der Fischschw\u00e4rme) des Fischfangs unterst\u00fctzte. Die Tiere wurden an den K\u00fcsten Portugals eingesetzt, soweit wir wissen jedoch nicht vor Madeira (um die Frage unseres Gastes zu beantworten). Fast ausgestorben, kommen sie nun wieder langsam in Mode. Soweit mir zugetragen wurde, besitzt selbst der ehemalige US Pr\u00e4sident Barack Obama zwei C\u00e3o de \u00c1gua Portugu\u00eas mit den Namen Bo und Sunny. In den USA werden diese Hunde zur tiergest\u00fctzten Therapie eingesetzt.\u00a0Leider gab es heute auf unserer Mittagstour keine Meeress\u00e4uger-Sichtung, am Abend begegneten die G\u00e4ste einer Schule von Streifendelfinen.<\/p>\n<p style=\"text-align: right;\"><span style=\"font-size: 10pt;\"><em>von Fatima Kutzschbach<\/em><\/span><\/p>\n<p><span style=\"text-decoration: underline;\"><em><strong>Sichtungen des Tages<\/strong><\/em><\/span>:<\/p>\n<p>Ribeira Brava<br \/>\n<strong>13.30<\/strong>: keine Sichtung<br \/>\n<strong>17.00<\/strong>: Streifendelfine<\/p>\n\n\t\t\t<style type='text\/css'>\n\t\t\t\t#sc_gallery-7036 {\n\t\t\t\t\tmargin: auto;\n\t\t\t\t}\n\t\t\t\t#sc_gallery-7036 .gallery-item {\n\t\t\t\t\tfloat: left;\n\t\t\t\t\tmargin-top: 10px;\n\t\t\t\t\ttext-align: center;\n\t\t\t\t\twidth: 33.33%;\n\t\t\t\t}\n\t\t\t\t#sc_gallery-7036 img {\n\t\t\t\t\tborder: 2px solid #cfcfcf;\n\t\t\t\t}\n\t\t\t\t#sc_gallery-7036 .gallery-caption {\n\t\t\t\t\tmargin-left: 0;\n\t\t\t\t}\n\t\t\t\t\/* see sc_gallery() in functions\/theme-shortcodes.php *\/\n\t\t\t<\/style>\n\t\t<div id='sc_gallery-7036' class='gallery element_classes galleryid-39969 gallery-columns-3 gallery-size-thumbnail '><dl class='gallery-item'>\n\t\t\t\t<dt class='gallery-icon landscape'>\n\t\t\t\t\t<a href='https:\/\/blog.lobosonda.com\/18-06-2017-alma-negra-cao-de-agua-portugues\/dsc_8871-3\/'><img loading=\"lazy\" decoding=\"async\" width=\"150\" height=\"150\" src=\"https:\/\/blog.lobosonda.com\/wp-content\/uploads\/2017\/07\/DSC_8871-150x150.jpg\" class=\"attachment-thumbnail size-thumbnail\" alt=\"\" srcset=\"https:\/\/blog.lobosonda.com\/wp-content\/uploads\/2017\/07\/DSC_8871-150x150.jpg 150w, https:\/\/blog.lobosonda.com\/wp-content\/uploads\/2017\/07\/DSC_8871-500x500.jpg 500w, https:\/\/blog.lobosonda.com\/wp-content\/uploads\/2017\/07\/DSC_8871-400x400.jpg 400w, https:\/\/blog.lobosonda.com\/wp-content\/uploads\/2017\/07\/DSC_8871-300x300.jpg 300w\" sizes=\"(max-width: 150px) 100vw, 150px\" \/><\/a>\n\t\t\t\t<\/dt><\/dl><dl class='gallery-item'>\n\t\t\t\t<dt class='gallery-icon landscape'>\n\t\t\t\t\t<a href='https:\/\/blog.lobosonda.com\/18-06-2017-alma-negra-cao-de-agua-portugues\/dsc_8872\/'><img loading=\"lazy\" decoding=\"async\" width=\"150\" height=\"150\" src=\"https:\/\/blog.lobosonda.com\/wp-content\/uploads\/2017\/07\/DSC_8872-150x150.jpg\" class=\"attachment-thumbnail size-thumbnail\" alt=\"\" srcset=\"https:\/\/blog.lobosonda.com\/wp-content\/uploads\/2017\/07\/DSC_8872-150x150.jpg 150w, https:\/\/blog.lobosonda.com\/wp-content\/uploads\/2017\/07\/DSC_8872-500x500.jpg 500w, https:\/\/blog.lobosonda.com\/wp-content\/uploads\/2017\/07\/DSC_8872-400x400.jpg 400w, https:\/\/blog.lobosonda.com\/wp-content\/uploads\/2017\/07\/DSC_8872-300x300.jpg 300w\" sizes=\"(max-width: 150px) 100vw, 150px\" \/><\/a>\n\t\t\t\t<\/dt><\/dl>\n\t\t\t\t<br style='clear: both' \/>\n\t\t\t<\/div>\n\n","protected":false},"excerpt":{"rendered":"<p>Wenn der Sommer vor Madeira startet, k\u00f6nnen wir vermehrt kleine, schwarze V\u00f6gel beobachten, die dicht \u00fcber der Meeresoberfl\u00e4che fliegen (f\u00fcr gew\u00f6hnlich nicht h\u00f6her, als drei Meter).<span class=\"excerpt-hellip\"> [\u2026]<\/span><\/p>\n","protected":false},"author":4,"featured_media":39977,"comment_status":"open","ping_status":"open","sticky":false,"template":"","format":"standard","meta":{"footnotes":"","_jetpack_memberships_contains_paid_content":false,"jetpack_publicize_message":"18.06.2017 \u2013 Alma negra &  c\u00e3o de \u00e1gua portugu\u00eas","jetpack_publicize_feature_enabled":true,"jetpack_social_post_already_shared":true,"jetpack_social_options":{"image_generator_settings":{"template":"highway","enabled":false},"version":2},"_wpscppro_dont_share_socialmedia":false,"_wpscppro_custom_social_share_image":0,"_facebook_share_type":"","_twitter_share_type":"","_linkedin_share_type":"","_pinterest_share_type":"","_linkedin_share_type_page":"","_instagram_share_type":"","_medium_share_type":"","_threads_share_type":"","_google_business_share_type":"","_selected_social_profile":[],"_wpsp_enable_custom_social_template":false,"_wpsp_social_scheduling":{"enabled":false,"datetime":null,"platforms":[],"status":"template_only","dateOption":"today","timeOption":"now","customDays":"","customHours":"","customDate":"","customTime":"","schedulingType":"absolute"},"_wpsp_active_default_template":true},"categories":[1882,1884,1845],"tags":[],"jetpack_publicize_connections":[],"yoast_head":"<!-- This site is optimized with the Yoast SEO plugin v23.4 - https:\/\/yoast.com\/wordpress\/plugins\/seo\/ -->\n<title>18.06.2017 \u2013 Alma negra &amp; c\u00e3o de \u00e1gua portugu\u00eas - Lobosonda | Whalewatching | Madeira<\/title>\n<meta name=\"robots\" content=\"index, follow, max-snippet:-1, max-image-preview:large, max-video-preview:-1\" \/>\n<link rel=\"canonical\" href=\"https:\/\/blog.lobosonda.com\/de\/18-06-2017-alma-negra-cao-de-agua-portugues\/\" \/>\n<meta property=\"og:locale\" content=\"de_DE\" \/>\n<meta property=\"og:type\" content=\"article\" \/>\n<meta property=\"og:title\" content=\"18.06.2017 \u2013 Alma negra &amp; c\u00e3o de \u00e1gua portugu\u00eas - Lobosonda | Whalewatching | Madeira\" \/>\n<meta property=\"og:description\" content=\"Wenn der Sommer vor Madeira startet, k\u00f6nnen wir vermehrt kleine, schwarze V\u00f6gel beobachten, die dicht \u00fcber der Meeresoberfl\u00e4che fliegen (f\u00fcr gew\u00f6hnlich nicht h\u00f6her, als drei Meter). [\u2026]\" \/>\n<meta property=\"og:url\" content=\"https:\/\/blog.lobosonda.com\/de\/18-06-2017-alma-negra-cao-de-agua-portugues\/\" \/>\n<meta property=\"og:site_name\" content=\"Lobosonda | Whalewatching | Madeira\" \/>\n<meta property=\"article:publisher\" content=\"https:\/\/www.facebook.com\/lobosonda\/\" \/>\n<meta property=\"article:published_time\" content=\"2017-07-06T15:00:05+00:00\" \/>\n<meta property=\"article:modified_time\" content=\"2017-07-05T15:51:57+00:00\" \/>\n<meta property=\"og:image\" content=\"https:\/\/blog.lobosonda.com\/wp-content\/uploads\/2017\/07\/DSC_8872.jpg\" \/>\n\t<meta property=\"og:image:width\" content=\"4256\" \/>\n\t<meta property=\"og:image:height\" content=\"2832\" \/>\n\t<meta property=\"og:image:type\" content=\"image\/jpeg\" \/>\n<meta name=\"author\" content=\"lobosonda\" \/>\n<meta name=\"twitter:card\" content=\"summary_large_image\" \/>\n<meta name=\"twitter:label1\" content=\"Verfasst von\" \/>\n\t<meta name=\"twitter:data1\" content=\"lobosonda\" \/>\n\t<meta name=\"twitter:label2\" content=\"Gesch\u00e4tzte Lesezeit\" \/>\n\t<meta name=\"twitter:data2\" content=\"1\u00a0Minute\" \/>\n<script type=\"application\/ld+json\" class=\"yoast-schema-graph\">{\"@context\":\"https:\/\/schema.org\",\"@graph\":[{\"@type\":\"Article\",\"@id\":\"https:\/\/blog.lobosonda.com\/de\/18-06-2017-alma-negra-cao-de-agua-portugues\/#article\",\"isPartOf\":{\"@id\":\"https:\/\/blog.lobosonda.com\/de\/18-06-2017-alma-negra-cao-de-agua-portugues\/\"},\"author\":{\"name\":\"lobosonda\",\"@id\":\"https:\/\/blog.lobosonda.com\/de\/#\/schema\/person\/16135f75aca699492fd26a7141197b03\"},\"headline\":\"18.06.2017 \u2013 Alma negra &#038; c\u00e3o de \u00e1gua portugu\u00eas\",\"datePublished\":\"2017-07-06T15:00:05+00:00\",\"dateModified\":\"2017-07-05T15:51:57+00:00\",\"mainEntityOfPage\":{\"@id\":\"https:\/\/blog.lobosonda.com\/de\/18-06-2017-alma-negra-cao-de-agua-portugues\/\"},\"wordCount\":257,\"commentCount\":0,\"publisher\":{\"@id\":\"https:\/\/blog.lobosonda.com\/de\/#organization\"},\"image\":{\"@id\":\"https:\/\/blog.lobosonda.com\/de\/18-06-2017-alma-negra-cao-de-agua-portugues\/#primaryimage\"},\"thumbnailUrl\":\"https:\/\/blog.lobosonda.com\/wp-content\/uploads\/2017\/07\/DSC_8872.jpg\",\"articleSection\":[\"Boote\",\"Ribeira Brava\",\"Streifendelfin\"],\"inLanguage\":\"de\",\"potentialAction\":[{\"@type\":\"CommentAction\",\"name\":\"Comment\",\"target\":[\"https:\/\/blog.lobosonda.com\/de\/18-06-2017-alma-negra-cao-de-agua-portugues\/#respond\"]}]},{\"@type\":\"WebPage\",\"@id\":\"https:\/\/blog.lobosonda.com\/de\/18-06-2017-alma-negra-cao-de-agua-portugues\/\",\"url\":\"https:\/\/blog.lobosonda.com\/de\/18-06-2017-alma-negra-cao-de-agua-portugues\/\",\"name\":\"18.06.2017 \u2013 Alma negra & c\u00e3o de \u00e1gua portugu\u00eas - Lobosonda | Whalewatching | Madeira\",\"isPartOf\":{\"@id\":\"https:\/\/blog.lobosonda.com\/de\/#website\"},\"primaryImageOfPage\":{\"@id\":\"https:\/\/blog.lobosonda.com\/de\/18-06-2017-alma-negra-cao-de-agua-portugues\/#primaryimage\"},\"image\":{\"@id\":\"https:\/\/blog.lobosonda.com\/de\/18-06-2017-alma-negra-cao-de-agua-portugues\/#primaryimage\"},\"thumbnailUrl\":\"https:\/\/blog.lobosonda.com\/wp-content\/uploads\/2017\/07\/DSC_8872.jpg\",\"datePublished\":\"2017-07-06T15:00:05+00:00\",\"dateModified\":\"2017-07-05T15:51:57+00:00\",\"breadcrumb\":{\"@id\":\"https:\/\/blog.lobosonda.com\/de\/18-06-2017-alma-negra-cao-de-agua-portugues\/#breadcrumb\"},\"inLanguage\":\"de\",\"potentialAction\":[{\"@type\":\"ReadAction\",\"target\":[\"https:\/\/blog.lobosonda.com\/de\/18-06-2017-alma-negra-cao-de-agua-portugues\/\"]}]},{\"@type\":\"ImageObject\",\"inLanguage\":\"de\",\"@id\":\"https:\/\/blog.lobosonda.com\/de\/18-06-2017-alma-negra-cao-de-agua-portugues\/#primaryimage\",\"url\":\"https:\/\/blog.lobosonda.com\/wp-content\/uploads\/2017\/07\/DSC_8872.jpg\",\"contentUrl\":\"https:\/\/blog.lobosonda.com\/wp-content\/uploads\/2017\/07\/DSC_8872.jpg\",\"width\":4256,\"height\":2832},{\"@type\":\"BreadcrumbList\",\"@id\":\"https:\/\/blog.lobosonda.com\/de\/18-06-2017-alma-negra-cao-de-agua-portugues\/#breadcrumb\",\"itemListElement\":[{\"@type\":\"ListItem\",\"position\":1,\"name\":\"Home\",\"item\":\"https:\/\/blog.lobosonda.com\/de\/\"},{\"@type\":\"ListItem\",\"position\":2,\"name\":\"18.06.2017 \u2013 Alma negra &#038; c\u00e3o de \u00e1gua portugu\u00eas\"}]},{\"@type\":\"WebSite\",\"@id\":\"https:\/\/blog.lobosonda.com\/de\/#website\",\"url\":\"https:\/\/blog.lobosonda.com\/de\/\",\"name\":\"Lobosonda | Whalewatching | Madeira\",\"description\":\"We stand for Water, Whales, Whale Watching, Whale conservation, Wellness and for Welcome. Lobosonda is a whale watching company respectful of all marine biodiversity operating in Madeira since 2003.\",\"publisher\":{\"@id\":\"https:\/\/blog.lobosonda.com\/de\/#organization\"},\"potentialAction\":[{\"@type\":\"SearchAction\",\"target\":{\"@type\":\"EntryPoint\",\"urlTemplate\":\"https:\/\/blog.lobosonda.com\/de\/?s={search_term_string}\"},\"query-input\":{\"@type\":\"PropertyValueSpecification\",\"valueRequired\":true,\"valueName\":\"search_term_string\"}}],\"inLanguage\":\"de\"},{\"@type\":\"Organization\",\"@id\":\"https:\/\/blog.lobosonda.com\/de\/#organization\",\"name\":\"LobosOnda.com\",\"url\":\"https:\/\/blog.lobosonda.com\/de\/\",\"logo\":{\"@type\":\"ImageObject\",\"inLanguage\":\"de\",\"@id\":\"https:\/\/blog.lobosonda.com\/de\/#\/schema\/logo\/image\/\",\"url\":\"https:\/\/www.lobosonda.com\/wp-content\/uploads\/2015\/04\/26167722_1853708551347437_4239983716863157418_n.jpg\",\"contentUrl\":\"https:\/\/www.lobosonda.com\/wp-content\/uploads\/2015\/04\/26167722_1853708551347437_4239983716863157418_n.jpg\",\"width\":480,\"height\":480,\"caption\":\"LobosOnda.com\"},\"image\":{\"@id\":\"https:\/\/blog.lobosonda.com\/de\/#\/schema\/logo\/image\/\"},\"sameAs\":[\"https:\/\/www.facebook.com\/lobosonda\/\",\"https:\/\/instagram.com\/lobosonda\/\",\"https:\/\/www.youtube.com\/user\/lobosonda\"]},{\"@type\":\"Person\",\"@id\":\"https:\/\/blog.lobosonda.com\/de\/#\/schema\/person\/16135f75aca699492fd26a7141197b03\",\"name\":\"lobosonda\",\"image\":{\"@type\":\"ImageObject\",\"inLanguage\":\"de\",\"@id\":\"https:\/\/blog.lobosonda.com\/de\/#\/schema\/person\/image\/\",\"url\":\"https:\/\/secure.gravatar.com\/avatar\/f333a6edc75221163a5147e29206c9fe?s=96&d=mm&r=g\",\"contentUrl\":\"https:\/\/secure.gravatar.com\/avatar\/f333a6edc75221163a5147e29206c9fe?s=96&d=mm&r=g\",\"caption\":\"lobosonda\"},\"url\":\"https:\/\/blog.lobosonda.com\/de\/author\/lobosonda\/\"}]}<\/script>\n<!-- \/ Yoast SEO plugin. -->","yoast_head_json":{"title":"18.06.2017 \u2013 Alma negra & c\u00e3o de \u00e1gua portugu\u00eas - Lobosonda | Whalewatching | Madeira","robots":{"index":"index","follow":"follow","max-snippet":"max-snippet:-1","max-image-preview":"max-image-preview:large","max-video-preview":"max-video-preview:-1"},"canonical":"https:\/\/blog.lobosonda.com\/de\/18-06-2017-alma-negra-cao-de-agua-portugues\/","og_locale":"de_DE","og_type":"article","og_title":"18.06.2017 \u2013 Alma negra & c\u00e3o de \u00e1gua portugu\u00eas - Lobosonda | Whalewatching | Madeira","og_description":"Wenn der Sommer vor Madeira startet, k\u00f6nnen wir vermehrt kleine, schwarze V\u00f6gel beobachten, die dicht \u00fcber der Meeresoberfl\u00e4che fliegen (f\u00fcr gew\u00f6hnlich nicht h\u00f6her, als drei Meter). [\u2026]","og_url":"https:\/\/blog.lobosonda.com\/de\/18-06-2017-alma-negra-cao-de-agua-portugues\/","og_site_name":"Lobosonda | Whalewatching | Madeira","article_publisher":"https:\/\/www.facebook.com\/lobosonda\/","article_published_time":"2017-07-06T15:00:05+00:00","article_modified_time":"2017-07-05T15:51:57+00:00","og_image":[{"width":4256,"height":2832,"url":"https:\/\/blog.lobosonda.com\/wp-content\/uploads\/2017\/07\/DSC_8872.jpg","type":"image\/jpeg"}],"author":"lobosonda","twitter_card":"summary_large_image","twitter_misc":{"Verfasst von":"lobosonda","Gesch\u00e4tzte Lesezeit":"1\u00a0Minute"},"schema":{"@context":"https:\/\/schema.org","@graph":[{"@type":"Article","@id":"https:\/\/blog.lobosonda.com\/de\/18-06-2017-alma-negra-cao-de-agua-portugues\/#article","isPartOf":{"@id":"https:\/\/blog.lobosonda.com\/de\/18-06-2017-alma-negra-cao-de-agua-portugues\/"},"author":{"name":"lobosonda","@id":"https:\/\/blog.lobosonda.com\/de\/#\/schema\/person\/16135f75aca699492fd26a7141197b03"},"headline":"18.06.2017 \u2013 Alma negra &#038; c\u00e3o de \u00e1gua portugu\u00eas","datePublished":"2017-07-06T15:00:05+00:00","dateModified":"2017-07-05T15:51:57+00:00","mainEntityOfPage":{"@id":"https:\/\/blog.lobosonda.com\/de\/18-06-2017-alma-negra-cao-de-agua-portugues\/"},"wordCount":257,"commentCount":0,"publisher":{"@id":"https:\/\/blog.lobosonda.com\/de\/#organization"},"image":{"@id":"https:\/\/blog.lobosonda.com\/de\/18-06-2017-alma-negra-cao-de-agua-portugues\/#primaryimage"},"thumbnailUrl":"https:\/\/blog.lobosonda.com\/wp-content\/uploads\/2017\/07\/DSC_8872.jpg","articleSection":["Boote","Ribeira Brava","Streifendelfin"],"inLanguage":"de","potentialAction":[{"@type":"CommentAction","name":"Comment","target":["https:\/\/blog.lobosonda.com\/de\/18-06-2017-alma-negra-cao-de-agua-portugues\/#respond"]}]},{"@type":"WebPage","@id":"https:\/\/blog.lobosonda.com\/de\/18-06-2017-alma-negra-cao-de-agua-portugues\/","url":"https:\/\/blog.lobosonda.com\/de\/18-06-2017-alma-negra-cao-de-agua-portugues\/","name":"18.06.2017 \u2013 Alma negra & c\u00e3o de \u00e1gua portugu\u00eas - Lobosonda | Whalewatching | Madeira","isPartOf":{"@id":"https:\/\/blog.lobosonda.com\/de\/#website"},"primaryImageOfPage":{"@id":"https:\/\/blog.lobosonda.com\/de\/18-06-2017-alma-negra-cao-de-agua-portugues\/#primaryimage"},"image":{"@id":"https:\/\/blog.lobosonda.com\/de\/18-06-2017-alma-negra-cao-de-agua-portugues\/#primaryimage"},"thumbnailUrl":"https:\/\/blog.lobosonda.com\/wp-content\/uploads\/2017\/07\/DSC_8872.jpg","datePublished":"2017-07-06T15:00:05+00:00","dateModified":"2017-07-05T15:51:57+00:00","breadcrumb":{"@id":"https:\/\/blog.lobosonda.com\/de\/18-06-2017-alma-negra-cao-de-agua-portugues\/#breadcrumb"},"inLanguage":"de","potentialAction":[{"@type":"ReadAction","target":["https:\/\/blog.lobosonda.com\/de\/18-06-2017-alma-negra-cao-de-agua-portugues\/"]}]},{"@type":"ImageObject","inLanguage":"de","@id":"https:\/\/blog.lobosonda.com\/de\/18-06-2017-alma-negra-cao-de-agua-portugues\/#primaryimage","url":"https:\/\/blog.lobosonda.com\/wp-content\/uploads\/2017\/07\/DSC_8872.jpg","contentUrl":"https:\/\/blog.lobosonda.com\/wp-content\/uploads\/2017\/07\/DSC_8872.jpg","width":4256,"height":2832},{"@type":"BreadcrumbList","@id":"https:\/\/blog.lobosonda.com\/de\/18-06-2017-alma-negra-cao-de-agua-portugues\/#breadcrumb","itemListElement":[{"@type":"ListItem","position":1,"name":"Home","item":"https:\/\/blog.lobosonda.com\/de\/"},{"@type":"ListItem","position":2,"name":"18.06.2017 \u2013 Alma negra &#038; c\u00e3o de \u00e1gua portugu\u00eas"}]},{"@type":"WebSite","@id":"https:\/\/blog.lobosonda.com\/de\/#website","url":"https:\/\/blog.lobosonda.com\/de\/","name":"Lobosonda | Whalewatching | Madeira","description":"We stand for Water, Whales, Whale Watching, Whale conservation, Wellness and for Welcome. Lobosonda is a whale watching company respectful of all marine biodiversity operating in Madeira since 2003.","publisher":{"@id":"https:\/\/blog.lobosonda.com\/de\/#organization"},"potentialAction":[{"@type":"SearchAction","target":{"@type":"EntryPoint","urlTemplate":"https:\/\/blog.lobosonda.com\/de\/?s={search_term_string}"},"query-input":{"@type":"PropertyValueSpecification","valueRequired":true,"valueName":"search_term_string"}}],"inLanguage":"de"},{"@type":"Organization","@id":"https:\/\/blog.lobosonda.com\/de\/#organization","name":"LobosOnda.com","url":"https:\/\/blog.lobosonda.com\/de\/","logo":{"@type":"ImageObject","inLanguage":"de","@id":"https:\/\/blog.lobosonda.com\/de\/#\/schema\/logo\/image\/","url":"https:\/\/www.lobosonda.com\/wp-content\/uploads\/2015\/04\/26167722_1853708551347437_4239983716863157418_n.jpg","contentUrl":"https:\/\/www.lobosonda.com\/wp-content\/uploads\/2015\/04\/26167722_1853708551347437_4239983716863157418_n.jpg","width":480,"height":480,"caption":"LobosOnda.com"},"image":{"@id":"https:\/\/blog.lobosonda.com\/de\/#\/schema\/logo\/image\/"},"sameAs":["https:\/\/www.facebook.com\/lobosonda\/","https:\/\/instagram.com\/lobosonda\/","https:\/\/www.youtube.com\/user\/lobosonda"]},{"@type":"Person","@id":"https:\/\/blog.lobosonda.com\/de\/#\/schema\/person\/16135f75aca699492fd26a7141197b03","name":"lobosonda","image":{"@type":"ImageObject","inLanguage":"de","@id":"https:\/\/blog.lobosonda.com\/de\/#\/schema\/person\/image\/","url":"https:\/\/secure.gravatar.com\/avatar\/f333a6edc75221163a5147e29206c9fe?s=96&d=mm&r=g","contentUrl":"https:\/\/secure.gravatar.com\/avatar\/f333a6edc75221163a5147e29206c9fe?s=96&d=mm&r=g","caption":"lobosonda"},"url":"https:\/\/blog.lobosonda.com\/de\/author\/lobosonda\/"}]}},"jetpack_featured_media_url":"https:\/\/blog.lobosonda.com\/wp-content\/uploads\/2017\/07\/DSC_8872.jpg","jetpack_sharing_enabled":true,"jetpack_likes_enabled":true,"_links":{"self":[{"href":"https:\/\/blog.lobosonda.com\/de\/wp-json\/wp\/v2\/posts\/39969"}],"collection":[{"href":"https:\/\/blog.lobosonda.com\/de\/wp-json\/wp\/v2\/posts"}],"about":[{"href":"https:\/\/blog.lobosonda.com\/de\/wp-json\/wp\/v2\/types\/post"}],"author":[{"embeddable":true,"href":"https:\/\/blog.lobosonda.com\/de\/wp-json\/wp\/v2\/users\/4"}],"replies":[{"embeddable":true,"href":"https:\/\/blog.lobosonda.com\/de\/wp-json\/wp\/v2\/comments?post=39969"}],"version-history":[{"count":0,"href":"https:\/\/blog.lobosonda.com\/de\/wp-json\/wp\/v2\/posts\/39969\/revisions"}],"wp:featuredmedia":[{"embeddable":true,"href":"https:\/\/blog.lobosonda.com\/de\/wp-json\/wp\/v2\/media\/39977"}],"wp:attachment":[{"href":"https:\/\/blog.lobosonda.com\/de\/wp-json\/wp\/v2\/media?parent=39969"}],"wp:term":[{"taxonomy":"category","embeddable":true,"href":"https:\/\/blog.lobosonda.com\/de\/wp-json\/wp\/v2\/categories?post=39969"},{"taxonomy":"post_tag","embeddable":true,"href":"https:\/\/blog.lobosonda.com\/de\/wp-json\/wp\/v2\/tags?post=39969"}],"curies":[{"name":"wp","href":"https:\/\/api.w.org\/{rel}","templated":true}]}}