{"id":38019,"date":"2017-03-04T19:00:18","date_gmt":"2017-03-04T19:00:18","guid":{"rendered":"http:\/\/www.lobosonda.com\/?p=38019\/"},"modified":"2017-03-01T17:16:12","modified_gmt":"2017-03-01T17:16:12","slug":"23-02-2017-curar-o-olhado","status":"publish","type":"post","link":"https:\/\/blog.lobosonda.com\/de\/23-02-2017-curar-o-olhado\/","title":{"rendered":"23.02.2017 &#8211; Curar o olhado"},"content":{"rendered":"<p style=\"text-align: justify;\">Die Ribeira Brava, zur\u00fcck von der Weft und\u00a0fit f\u00fcr die Saison 2017, hatte als erste Sichtung Atlantische Fleckendelfine\u00a0(Stenella frontalis). W\u00e4hrend der j\u00e4hrlichen Wartungsarbeiten dieses Jahr wurden vorwiegend \u00a0die vielen Holzfl\u00e4chen in den typischen Farben gestrichen und unser lebendes Museum bis ins Detail auf Vordermann gebracht. Neben dem \u00dcberpr\u00fcfen der Maschine und aller lebenswichtigen Teile unter Deck, haben die j\u00fcngeren Wartungsarbeiter ihre j\u00e4hrliche Zeremonie durchgef\u00fchrt, die D\u00e4monen vom Boot fernhaften sollen. Die Zeremonie wird \u201cCurar o Olhado!&#8220; genannt, Drummond und ich wollen damit zu einer glattlaufenden Saison an Bord beitragen, mit gl\u00fccklichen G\u00e4sten und sch\u00f6nen Sichtungen.<\/p>\n<p style=\"text-align: right;\"><em><span style=\"font-size: 10pt;\">von Daniel Jardim<\/span><\/em><\/p>\n<p style=\"text-align: justify;\"><span style=\"text-decoration: underline;\"><em><strong>Sichtungen des Tages<\/strong><\/em><\/span>:<\/p>\n<p style=\"text-align: justify;\">Ribeira Brava<\/p>\n<p style=\"text-align: justify;\"><strong>10.00<\/strong>:\u00a0Fleckendelfine<\/p>\n<p style=\"text-align: justify;\">Stenella<\/p>\n<p style=\"text-align: justify;\"><strong>15.00<\/strong>: Fleckendelfine<\/p>\n\n\t\t\t<style type='text\/css'>\n\t\t\t\t#sc_gallery-6578 {\n\t\t\t\t\tmargin: auto;\n\t\t\t\t}\n\t\t\t\t#sc_gallery-6578 .gallery-item {\n\t\t\t\t\tfloat: left;\n\t\t\t\t\tmargin-top: 10px;\n\t\t\t\t\ttext-align: center;\n\t\t\t\t\twidth: 33.33%;\n\t\t\t\t}\n\t\t\t\t#sc_gallery-6578 img {\n\t\t\t\t\tborder: 2px solid #cfcfcf;\n\t\t\t\t}\n\t\t\t\t#sc_gallery-6578 .gallery-caption {\n\t\t\t\t\tmargin-left: 0;\n\t\t\t\t}\n\t\t\t\t\/* see sc_gallery() in functions\/theme-shortcodes.php *\/\n\t\t\t<\/style>\n\t\t<div id='sc_gallery-6578' class='gallery element_classes galleryid-38019 gallery-columns-3 gallery-size-thumbnail '><dl class='gallery-item'>\n\t\t\t\t<dt class='gallery-icon landscape'>\n\t\t\t\t\t<a href='https:\/\/blog.lobosonda.com\/23-02-2017-curar-o-olhado\/dsc_2849-2\/'><img loading=\"lazy\" decoding=\"async\" width=\"150\" height=\"150\" src=\"https:\/\/blog.lobosonda.com\/wp-content\/uploads\/2017\/03\/DSC_2849-150x150.jpg\" class=\"attachment-thumbnail size-thumbnail\" alt=\"\" srcset=\"https:\/\/blog.lobosonda.com\/wp-content\/uploads\/2017\/03\/DSC_2849-150x150.jpg 150w, https:\/\/blog.lobosonda.com\/wp-content\/uploads\/2017\/03\/DSC_2849-500x500.jpg 500w, https:\/\/blog.lobosonda.com\/wp-content\/uploads\/2017\/03\/DSC_2849-400x400.jpg 400w, https:\/\/blog.lobosonda.com\/wp-content\/uploads\/2017\/03\/DSC_2849-300x300.jpg 300w\" sizes=\"(max-width: 150px) 100vw, 150px\" \/><\/a>\n\t\t\t\t<\/dt><\/dl><dl class='gallery-item'>\n\t\t\t\t<dt class='gallery-icon landscape'>\n\t\t\t\t\t<a href='https:\/\/blog.lobosonda.com\/de\/23-02-2017-curar-o-olhado\/dsc_2857-2\/'><img loading=\"lazy\" decoding=\"async\" width=\"150\" height=\"150\" src=\"https:\/\/blog.lobosonda.com\/wp-content\/uploads\/2017\/03\/DSC_2857-150x150.jpg\" class=\"attachment-thumbnail size-thumbnail\" alt=\"\" srcset=\"https:\/\/blog.lobosonda.com\/wp-content\/uploads\/2017\/03\/DSC_2857-150x150.jpg 150w, https:\/\/blog.lobosonda.com\/wp-content\/uploads\/2017\/03\/DSC_2857-500x500.jpg 500w, https:\/\/blog.lobosonda.com\/wp-content\/uploads\/2017\/03\/DSC_2857-400x400.jpg 400w, https:\/\/blog.lobosonda.com\/wp-content\/uploads\/2017\/03\/DSC_2857-300x300.jpg 300w\" sizes=\"(max-width: 150px) 100vw, 150px\" \/><\/a>\n\t\t\t\t<\/dt><\/dl><dl class='gallery-item'>\n\t\t\t\t<dt class='gallery-icon landscape'>\n\t\t\t\t\t<a href='https:\/\/blog.lobosonda.com\/de\/23-02-2017-curar-o-olhado\/dsc_2864-2\/'><img loading=\"lazy\" decoding=\"async\" width=\"150\" height=\"150\" src=\"https:\/\/blog.lobosonda.com\/wp-content\/uploads\/2017\/03\/DSC_2864-150x150.jpg\" class=\"attachment-thumbnail size-thumbnail\" alt=\"\" srcset=\"https:\/\/blog.lobosonda.com\/wp-content\/uploads\/2017\/03\/DSC_2864-150x150.jpg 150w, https:\/\/blog.lobosonda.com\/wp-content\/uploads\/2017\/03\/DSC_2864-500x500.jpg 500w, https:\/\/blog.lobosonda.com\/wp-content\/uploads\/2017\/03\/DSC_2864-400x400.jpg 400w, https:\/\/blog.lobosonda.com\/wp-content\/uploads\/2017\/03\/DSC_2864-300x300.jpg 300w\" sizes=\"(max-width: 150px) 100vw, 150px\" \/><\/a>\n\t\t\t\t<\/dt><\/dl><br style=\"clear: both\" \/><dl class='gallery-item'>\n\t\t\t\t<dt class='gallery-icon landscape'>\n\t\t\t\t\t<a href='https:\/\/blog.lobosonda.com\/de\/23-02-2017-curar-o-olhado\/dsc_2867\/'><img loading=\"lazy\" decoding=\"async\" width=\"150\" height=\"150\" src=\"https:\/\/blog.lobosonda.com\/wp-content\/uploads\/2017\/03\/DSC_2867-150x150.jpg\" class=\"attachment-thumbnail size-thumbnail\" alt=\"\" srcset=\"https:\/\/blog.lobosonda.com\/wp-content\/uploads\/2017\/03\/DSC_2867-150x150.jpg 150w, https:\/\/blog.lobosonda.com\/wp-content\/uploads\/2017\/03\/DSC_2867-500x500.jpg 500w, https:\/\/blog.lobosonda.com\/wp-content\/uploads\/2017\/03\/DSC_2867-400x400.jpg 400w, https:\/\/blog.lobosonda.com\/wp-content\/uploads\/2017\/03\/DSC_2867-300x300.jpg 300w\" sizes=\"(max-width: 150px) 100vw, 150px\" \/><\/a>\n\t\t\t\t<\/dt><\/dl>\n\t\t\t\t<br style='clear: both' \/>\n\t\t\t<\/div>\n\n<p style=\"text-align: justify;\">\n","protected":false},"excerpt":{"rendered":"<p>Die Ribeira Brava, zur\u00fcck von der Weft und\u00a0fit f\u00fcr die Saison 2017, hatte als erste Sichtung Atlantische Fleckendelfine\u00a0(Stenella frontalis). W\u00e4hrend der j\u00e4hrlichen Wartungsarbeiten dieses Jahr wurden<span class=\"excerpt-hellip\"> [\u2026]<\/span><\/p>\n","protected":false},"author":4,"featured_media":38015,"comment_status":"open","ping_status":"open","sticky":false,"template":"","format":"standard","meta":{"footnotes":"","_jetpack_memberships_contains_paid_content":false,"jetpack_publicize_message":"23.02.2017 - Curar o olhado","jetpack_publicize_feature_enabled":true,"jetpack_social_post_already_shared":true,"jetpack_social_options":{"image_generator_settings":{"template":"highway","enabled":false},"version":2},"_wpscppro_dont_share_socialmedia":false,"_wpscppro_custom_social_share_image":0,"_facebook_share_type":"","_twitter_share_type":"","_linkedin_share_type":"","_pinterest_share_type":"","_linkedin_share_type_page":"","_instagram_share_type":"","_medium_share_type":"","_threads_share_type":"","_google_business_share_type":"","_selected_social_profile":[],"_wpsp_enable_custom_social_template":false,"_wpsp_social_scheduling":{"enabled":false,"datetime":null,"platforms":[],"status":"template_only","dateOption":"today","timeOption":"now","customDays":"","customHours":"","customDate":"","customTime":"","schedulingType":"absolute"},"_wpsp_active_default_template":true},"categories":[1882,1837,1846,1884,1883],"tags":[],"jetpack_publicize_connections":[],"yoast_head":"<!-- This site is optimized with the Yoast SEO plugin v23.4 - https:\/\/yoast.com\/wordpress\/plugins\/seo\/ -->\n<title>23.02.2017 - Curar o olhado - Lobosonda | Whalewatching | Madeira<\/title>\n<meta name=\"robots\" content=\"index, follow, max-snippet:-1, max-image-preview:large, max-video-preview:-1\" \/>\n<link rel=\"canonical\" href=\"https:\/\/blog.lobosonda.com\/de\/23-02-2017-curar-o-olhado\/\" \/>\n<meta property=\"og:locale\" content=\"de_DE\" \/>\n<meta property=\"og:type\" content=\"article\" \/>\n<meta property=\"og:title\" content=\"23.02.2017 - Curar o olhado - Lobosonda | Whalewatching | Madeira\" \/>\n<meta property=\"og:description\" content=\"Die Ribeira Brava, zur\u00fcck von der Weft und\u00a0fit f\u00fcr die Saison 2017, hatte als erste Sichtung Atlantische Fleckendelfine\u00a0(Stenella frontalis). W\u00e4hrend der j\u00e4hrlichen Wartungsarbeiten dieses Jahr wurden [\u2026]\" \/>\n<meta property=\"og:url\" content=\"https:\/\/blog.lobosonda.com\/de\/23-02-2017-curar-o-olhado\/\" \/>\n<meta property=\"og:site_name\" content=\"Lobosonda | Whalewatching | Madeira\" \/>\n<meta property=\"article:publisher\" content=\"https:\/\/www.facebook.com\/lobosonda\/\" \/>\n<meta property=\"article:published_time\" content=\"2017-03-04T19:00:18+00:00\" \/>\n<meta property=\"article:modified_time\" content=\"2017-03-01T17:16:12+00:00\" \/>\n<meta property=\"og:image\" content=\"https:\/\/blog.lobosonda.com\/wp-content\/uploads\/2017\/03\/DSC_2864.jpg\" \/>\n\t<meta property=\"og:image:width\" content=\"4256\" \/>\n\t<meta property=\"og:image:height\" content=\"2832\" \/>\n\t<meta property=\"og:image:type\" content=\"image\/jpeg\" \/>\n<meta name=\"author\" content=\"lobosonda\" \/>\n<meta name=\"twitter:card\" content=\"summary_large_image\" \/>\n<meta name=\"twitter:label1\" content=\"Verfasst von\" \/>\n\t<meta name=\"twitter:data1\" content=\"lobosonda\" \/>\n\t<meta name=\"twitter:label2\" content=\"Gesch\u00e4tzte Lesezeit\" \/>\n\t<meta name=\"twitter:data2\" content=\"1\u00a0Minute\" \/>\n<script type=\"application\/ld+json\" class=\"yoast-schema-graph\">{\"@context\":\"https:\/\/schema.org\",\"@graph\":[{\"@type\":\"Article\",\"@id\":\"https:\/\/blog.lobosonda.com\/de\/23-02-2017-curar-o-olhado\/#article\",\"isPartOf\":{\"@id\":\"https:\/\/blog.lobosonda.com\/de\/23-02-2017-curar-o-olhado\/\"},\"author\":{\"name\":\"lobosonda\",\"@id\":\"https:\/\/blog.lobosonda.com\/de\/#\/schema\/person\/16135f75aca699492fd26a7141197b03\"},\"headline\":\"23.02.2017 &#8211; Curar o olhado\",\"datePublished\":\"2017-03-04T19:00:18+00:00\",\"dateModified\":\"2017-03-01T17:16:12+00:00\",\"mainEntityOfPage\":{\"@id\":\"https:\/\/blog.lobosonda.com\/de\/23-02-2017-curar-o-olhado\/\"},\"wordCount\":128,\"commentCount\":0,\"publisher\":{\"@id\":\"https:\/\/blog.lobosonda.com\/de\/#organization\"},\"image\":{\"@id\":\"https:\/\/blog.lobosonda.com\/de\/23-02-2017-curar-o-olhado\/#primaryimage\"},\"thumbnailUrl\":\"https:\/\/blog.lobosonda.com\/wp-content\/uploads\/2017\/03\/DSC_2864.jpg\",\"articleSection\":[\"Boote\",\"Delfine\",\"Fleckendelfin\",\"Ribeira Brava\",\"Stenella\"],\"inLanguage\":\"de\",\"potentialAction\":[{\"@type\":\"CommentAction\",\"name\":\"Comment\",\"target\":[\"https:\/\/blog.lobosonda.com\/de\/23-02-2017-curar-o-olhado\/#respond\"]}]},{\"@type\":\"WebPage\",\"@id\":\"https:\/\/blog.lobosonda.com\/de\/23-02-2017-curar-o-olhado\/\",\"url\":\"https:\/\/blog.lobosonda.com\/de\/23-02-2017-curar-o-olhado\/\",\"name\":\"23.02.2017 - Curar o olhado - Lobosonda | Whalewatching | Madeira\",\"isPartOf\":{\"@id\":\"https:\/\/blog.lobosonda.com\/de\/#website\"},\"primaryImageOfPage\":{\"@id\":\"https:\/\/blog.lobosonda.com\/de\/23-02-2017-curar-o-olhado\/#primaryimage\"},\"image\":{\"@id\":\"https:\/\/blog.lobosonda.com\/de\/23-02-2017-curar-o-olhado\/#primaryimage\"},\"thumbnailUrl\":\"https:\/\/blog.lobosonda.com\/wp-content\/uploads\/2017\/03\/DSC_2864.jpg\",\"datePublished\":\"2017-03-04T19:00:18+00:00\",\"dateModified\":\"2017-03-01T17:16:12+00:00\",\"breadcrumb\":{\"@id\":\"https:\/\/blog.lobosonda.com\/de\/23-02-2017-curar-o-olhado\/#breadcrumb\"},\"inLanguage\":\"de\",\"potentialAction\":[{\"@type\":\"ReadAction\",\"target\":[\"https:\/\/blog.lobosonda.com\/de\/23-02-2017-curar-o-olhado\/\"]}]},{\"@type\":\"ImageObject\",\"inLanguage\":\"de\",\"@id\":\"https:\/\/blog.lobosonda.com\/de\/23-02-2017-curar-o-olhado\/#primaryimage\",\"url\":\"https:\/\/blog.lobosonda.com\/wp-content\/uploads\/2017\/03\/DSC_2864.jpg\",\"contentUrl\":\"https:\/\/blog.lobosonda.com\/wp-content\/uploads\/2017\/03\/DSC_2864.jpg\",\"width\":4256,\"height\":2832},{\"@type\":\"BreadcrumbList\",\"@id\":\"https:\/\/blog.lobosonda.com\/de\/23-02-2017-curar-o-olhado\/#breadcrumb\",\"itemListElement\":[{\"@type\":\"ListItem\",\"position\":1,\"name\":\"Home\",\"item\":\"https:\/\/blog.lobosonda.com\/de\/\"},{\"@type\":\"ListItem\",\"position\":2,\"name\":\"23.02.2017 &#8211; Curar o olhado\"}]},{\"@type\":\"WebSite\",\"@id\":\"https:\/\/blog.lobosonda.com\/de\/#website\",\"url\":\"https:\/\/blog.lobosonda.com\/de\/\",\"name\":\"Lobosonda | Whalewatching | Madeira\",\"description\":\"We stand for Water, Whales, Whale Watching, Whale conservation, Wellness and for Welcome. Lobosonda is a whale watching company respectful of all marine biodiversity operating in Madeira since 2003.\",\"publisher\":{\"@id\":\"https:\/\/blog.lobosonda.com\/de\/#organization\"},\"potentialAction\":[{\"@type\":\"SearchAction\",\"target\":{\"@type\":\"EntryPoint\",\"urlTemplate\":\"https:\/\/blog.lobosonda.com\/de\/?s={search_term_string}\"},\"query-input\":{\"@type\":\"PropertyValueSpecification\",\"valueRequired\":true,\"valueName\":\"search_term_string\"}}],\"inLanguage\":\"de\"},{\"@type\":\"Organization\",\"@id\":\"https:\/\/blog.lobosonda.com\/de\/#organization\",\"name\":\"LobosOnda.com\",\"url\":\"https:\/\/blog.lobosonda.com\/de\/\",\"logo\":{\"@type\":\"ImageObject\",\"inLanguage\":\"de\",\"@id\":\"https:\/\/blog.lobosonda.com\/de\/#\/schema\/logo\/image\/\",\"url\":\"https:\/\/www.lobosonda.com\/wp-content\/uploads\/2015\/04\/26167722_1853708551347437_4239983716863157418_n.jpg\",\"contentUrl\":\"https:\/\/www.lobosonda.com\/wp-content\/uploads\/2015\/04\/26167722_1853708551347437_4239983716863157418_n.jpg\",\"width\":480,\"height\":480,\"caption\":\"LobosOnda.com\"},\"image\":{\"@id\":\"https:\/\/blog.lobosonda.com\/de\/#\/schema\/logo\/image\/\"},\"sameAs\":[\"https:\/\/www.facebook.com\/lobosonda\/\",\"https:\/\/instagram.com\/lobosonda\/\",\"https:\/\/www.youtube.com\/user\/lobosonda\"]},{\"@type\":\"Person\",\"@id\":\"https:\/\/blog.lobosonda.com\/de\/#\/schema\/person\/16135f75aca699492fd26a7141197b03\",\"name\":\"lobosonda\",\"image\":{\"@type\":\"ImageObject\",\"inLanguage\":\"de\",\"@id\":\"https:\/\/blog.lobosonda.com\/de\/#\/schema\/person\/image\/\",\"url\":\"https:\/\/secure.gravatar.com\/avatar\/f333a6edc75221163a5147e29206c9fe?s=96&d=mm&r=g\",\"contentUrl\":\"https:\/\/secure.gravatar.com\/avatar\/f333a6edc75221163a5147e29206c9fe?s=96&d=mm&r=g\",\"caption\":\"lobosonda\"},\"url\":\"https:\/\/blog.lobosonda.com\/de\/author\/lobosonda\/\"}]}<\/script>\n<!-- \/ Yoast SEO plugin. -->","yoast_head_json":{"title":"23.02.2017 - Curar o olhado - Lobosonda | Whalewatching | Madeira","robots":{"index":"index","follow":"follow","max-snippet":"max-snippet:-1","max-image-preview":"max-image-preview:large","max-video-preview":"max-video-preview:-1"},"canonical":"https:\/\/blog.lobosonda.com\/de\/23-02-2017-curar-o-olhado\/","og_locale":"de_DE","og_type":"article","og_title":"23.02.2017 - Curar o olhado - Lobosonda | Whalewatching | Madeira","og_description":"Die Ribeira Brava, zur\u00fcck von der Weft und\u00a0fit f\u00fcr die Saison 2017, hatte als erste Sichtung Atlantische Fleckendelfine\u00a0(Stenella frontalis). W\u00e4hrend der j\u00e4hrlichen Wartungsarbeiten dieses Jahr wurden [\u2026]","og_url":"https:\/\/blog.lobosonda.com\/de\/23-02-2017-curar-o-olhado\/","og_site_name":"Lobosonda | Whalewatching | Madeira","article_publisher":"https:\/\/www.facebook.com\/lobosonda\/","article_published_time":"2017-03-04T19:00:18+00:00","article_modified_time":"2017-03-01T17:16:12+00:00","og_image":[{"width":4256,"height":2832,"url":"https:\/\/blog.lobosonda.com\/wp-content\/uploads\/2017\/03\/DSC_2864.jpg","type":"image\/jpeg"}],"author":"lobosonda","twitter_card":"summary_large_image","twitter_misc":{"Verfasst von":"lobosonda","Gesch\u00e4tzte Lesezeit":"1\u00a0Minute"},"schema":{"@context":"https:\/\/schema.org","@graph":[{"@type":"Article","@id":"https:\/\/blog.lobosonda.com\/de\/23-02-2017-curar-o-olhado\/#article","isPartOf":{"@id":"https:\/\/blog.lobosonda.com\/de\/23-02-2017-curar-o-olhado\/"},"author":{"name":"lobosonda","@id":"https:\/\/blog.lobosonda.com\/de\/#\/schema\/person\/16135f75aca699492fd26a7141197b03"},"headline":"23.02.2017 &#8211; Curar o olhado","datePublished":"2017-03-04T19:00:18+00:00","dateModified":"2017-03-01T17:16:12+00:00","mainEntityOfPage":{"@id":"https:\/\/blog.lobosonda.com\/de\/23-02-2017-curar-o-olhado\/"},"wordCount":128,"commentCount":0,"publisher":{"@id":"https:\/\/blog.lobosonda.com\/de\/#organization"},"image":{"@id":"https:\/\/blog.lobosonda.com\/de\/23-02-2017-curar-o-olhado\/#primaryimage"},"thumbnailUrl":"https:\/\/blog.lobosonda.com\/wp-content\/uploads\/2017\/03\/DSC_2864.jpg","articleSection":["Boote","Delfine","Fleckendelfin","Ribeira Brava","Stenella"],"inLanguage":"de","potentialAction":[{"@type":"CommentAction","name":"Comment","target":["https:\/\/blog.lobosonda.com\/de\/23-02-2017-curar-o-olhado\/#respond"]}]},{"@type":"WebPage","@id":"https:\/\/blog.lobosonda.com\/de\/23-02-2017-curar-o-olhado\/","url":"https:\/\/blog.lobosonda.com\/de\/23-02-2017-curar-o-olhado\/","name":"23.02.2017 - Curar o olhado - Lobosonda | Whalewatching | Madeira","isPartOf":{"@id":"https:\/\/blog.lobosonda.com\/de\/#website"},"primaryImageOfPage":{"@id":"https:\/\/blog.lobosonda.com\/de\/23-02-2017-curar-o-olhado\/#primaryimage"},"image":{"@id":"https:\/\/blog.lobosonda.com\/de\/23-02-2017-curar-o-olhado\/#primaryimage"},"thumbnailUrl":"https:\/\/blog.lobosonda.com\/wp-content\/uploads\/2017\/03\/DSC_2864.jpg","datePublished":"2017-03-04T19:00:18+00:00","dateModified":"2017-03-01T17:16:12+00:00","breadcrumb":{"@id":"https:\/\/blog.lobosonda.com\/de\/23-02-2017-curar-o-olhado\/#breadcrumb"},"inLanguage":"de","potentialAction":[{"@type":"ReadAction","target":["https:\/\/blog.lobosonda.com\/de\/23-02-2017-curar-o-olhado\/"]}]},{"@type":"ImageObject","inLanguage":"de","@id":"https:\/\/blog.lobosonda.com\/de\/23-02-2017-curar-o-olhado\/#primaryimage","url":"https:\/\/blog.lobosonda.com\/wp-content\/uploads\/2017\/03\/DSC_2864.jpg","contentUrl":"https:\/\/blog.lobosonda.com\/wp-content\/uploads\/2017\/03\/DSC_2864.jpg","width":4256,"height":2832},{"@type":"BreadcrumbList","@id":"https:\/\/blog.lobosonda.com\/de\/23-02-2017-curar-o-olhado\/#breadcrumb","itemListElement":[{"@type":"ListItem","position":1,"name":"Home","item":"https:\/\/blog.lobosonda.com\/de\/"},{"@type":"ListItem","position":2,"name":"23.02.2017 &#8211; Curar o olhado"}]},{"@type":"WebSite","@id":"https:\/\/blog.lobosonda.com\/de\/#website","url":"https:\/\/blog.lobosonda.com\/de\/","name":"Lobosonda | Whalewatching | Madeira","description":"We stand for Water, Whales, Whale Watching, Whale conservation, Wellness and for Welcome. Lobosonda is a whale watching company respectful of all marine biodiversity operating in Madeira since 2003.","publisher":{"@id":"https:\/\/blog.lobosonda.com\/de\/#organization"},"potentialAction":[{"@type":"SearchAction","target":{"@type":"EntryPoint","urlTemplate":"https:\/\/blog.lobosonda.com\/de\/?s={search_term_string}"},"query-input":{"@type":"PropertyValueSpecification","valueRequired":true,"valueName":"search_term_string"}}],"inLanguage":"de"},{"@type":"Organization","@id":"https:\/\/blog.lobosonda.com\/de\/#organization","name":"LobosOnda.com","url":"https:\/\/blog.lobosonda.com\/de\/","logo":{"@type":"ImageObject","inLanguage":"de","@id":"https:\/\/blog.lobosonda.com\/de\/#\/schema\/logo\/image\/","url":"https:\/\/www.lobosonda.com\/wp-content\/uploads\/2015\/04\/26167722_1853708551347437_4239983716863157418_n.jpg","contentUrl":"https:\/\/www.lobosonda.com\/wp-content\/uploads\/2015\/04\/26167722_1853708551347437_4239983716863157418_n.jpg","width":480,"height":480,"caption":"LobosOnda.com"},"image":{"@id":"https:\/\/blog.lobosonda.com\/de\/#\/schema\/logo\/image\/"},"sameAs":["https:\/\/www.facebook.com\/lobosonda\/","https:\/\/instagram.com\/lobosonda\/","https:\/\/www.youtube.com\/user\/lobosonda"]},{"@type":"Person","@id":"https:\/\/blog.lobosonda.com\/de\/#\/schema\/person\/16135f75aca699492fd26a7141197b03","name":"lobosonda","image":{"@type":"ImageObject","inLanguage":"de","@id":"https:\/\/blog.lobosonda.com\/de\/#\/schema\/person\/image\/","url":"https:\/\/secure.gravatar.com\/avatar\/f333a6edc75221163a5147e29206c9fe?s=96&d=mm&r=g","contentUrl":"https:\/\/secure.gravatar.com\/avatar\/f333a6edc75221163a5147e29206c9fe?s=96&d=mm&r=g","caption":"lobosonda"},"url":"https:\/\/blog.lobosonda.com\/de\/author\/lobosonda\/"}]}},"jetpack_featured_media_url":"https:\/\/blog.lobosonda.com\/wp-content\/uploads\/2017\/03\/DSC_2864.jpg","jetpack_sharing_enabled":true,"jetpack_likes_enabled":true,"_links":{"self":[{"href":"https:\/\/blog.lobosonda.com\/de\/wp-json\/wp\/v2\/posts\/38019"}],"collection":[{"href":"https:\/\/blog.lobosonda.com\/de\/wp-json\/wp\/v2\/posts"}],"about":[{"href":"https:\/\/blog.lobosonda.com\/de\/wp-json\/wp\/v2\/types\/post"}],"author":[{"embeddable":true,"href":"https:\/\/blog.lobosonda.com\/de\/wp-json\/wp\/v2\/users\/4"}],"replies":[{"embeddable":true,"href":"https:\/\/blog.lobosonda.com\/de\/wp-json\/wp\/v2\/comments?post=38019"}],"version-history":[{"count":0,"href":"https:\/\/blog.lobosonda.com\/de\/wp-json\/wp\/v2\/posts\/38019\/revisions"}],"wp:featuredmedia":[{"embeddable":true,"href":"https:\/\/blog.lobosonda.com\/de\/wp-json\/wp\/v2\/media\/38015"}],"wp:attachment":[{"href":"https:\/\/blog.lobosonda.com\/de\/wp-json\/wp\/v2\/media?parent=38019"}],"wp:term":[{"taxonomy":"category","embeddable":true,"href":"https:\/\/blog.lobosonda.com\/de\/wp-json\/wp\/v2\/categories?post=38019"},{"taxonomy":"post_tag","embeddable":true,"href":"https:\/\/blog.lobosonda.com\/de\/wp-json\/wp\/v2\/tags?post=38019"}],"curies":[{"name":"wp","href":"https:\/\/api.w.org\/{rel}","templated":true}]}}